{"id":173418,"date":"2020-06-09T07:52:53","date_gmt":"2020-06-09T10:52:53","guid":{"rendered":"https:\/\/www.caririemacao.com\/1\/?p=173418"},"modified":"2020-06-09T07:52:53","modified_gmt":"2020-06-09T10:52:53","slug":"covid-19-ministerio-da-saude-anuncia-nova-plataforma-com-dados-totais","status":"publish","type":"post","link":"https:\/\/www.caririemacao.com\/1\/2020\/06\/09\/covid-19-ministerio-da-saude-anuncia-nova-plataforma-com-dados-totais\/","title":{"rendered":"Covid-19: Minist\u00e9rio da Sa\u00fade anuncia nova plataforma com dados totais"},"content":{"rendered":"\n<h2 class=\"wp-block-heading\"><\/h2>\n\n\n\n<p>O secret\u00e1rio executivo&nbsp;do Minist\u00e9rio da Sa\u00fade, \u00c9lcio Franco, apresentou a nova plataforma de consolida\u00e7\u00e3o dos dados sobre a covid-19 no pa\u00eds. Uma nova plataforma ser\u00e1 criada e disponibilizada e a forma de contabiliza\u00e7\u00e3o das mortes ser\u00e1 alterada. As secretarias estaduais enviar\u00e3o as informa\u00e7\u00f5es&nbsp;at\u00e9 as 16h e os dados&nbsp;totais&nbsp;nacionais ser\u00e3o divulgados at\u00e9 as 18h30.<img decoding=\"async\" data-src=\"https:\/\/agenciabrasil.ebc.com.br\/ebc.png?id=1309093&amp;o=node\" src=\"data:image\/svg+xml;base64,PHN2ZyB3aWR0aD0iMSIgaGVpZ2h0PSIxIiB4bWxucz0iaHR0cDovL3d3dy53My5vcmcvMjAwMC9zdmciPjwvc3ZnPg==\" class=\"lazyload\"><\/p>\n\n\n\n<blockquote class=\"wp-block-quote is-layout-flow wp-block-quote-is-layout-flow\"><p>\u201cNum primeiro momento a gente vinha trabalhando com data de notifica\u00e7\u00e3o. Ela prejudica uma an\u00e1lise. Nossa inten\u00e7\u00e3o \u00e9 trabalhar com a data de ocorr\u00eancia e ao momento em que apareceram os sintomas de cada paciente\u201d, afirmou Franco.<\/p><\/blockquote>\n\n\n\n<p>O diretor do Departamento de An\u00e1lise em Sa\u00fade e Vigil\u00e2ncia de Doen\u00e7as N\u00e3o Transmiss\u00edveis, Eduardo&nbsp;Mac\u00e1rio, acrescentou que o objetivo \u00e9 parar de reunir as planilhas dos estados e que eles possam alimentar os registros diretamente.<\/p>\n\n\n\n<blockquote class=\"wp-block-quote is-layout-flow wp-block-quote-is-layout-flow\"><p>\u201cA partir do momento em que tivermos sistema de informa\u00e7\u00e3o implantado nos munic\u00edpios que atendam aos requisitos m\u00ednimos, vamos deixar de receber planilhas em que pode haver erros de atualiza\u00e7\u00e3o para adotar plenamente o sistema de informa\u00e7\u00e3o que t\u00eam import\u00e2ncia, como sintomas, sexo, cor, profiss\u00e3o, fatores de risco\u201d.<\/p><\/blockquote>\n\n\n\n<p>Na apresenta\u00e7\u00e3o da nova plataforma pelos representantes do Minist\u00e9rio da Sa\u00fade,&nbsp;a principal d\u00favida girou em torno do que acontecer\u00e1 com os \u00f3bitos de dias anteriores cuja confirma\u00e7\u00e3o da infec\u00e7\u00e3o com o novo coronav\u00edrus seja descoberta posteriormente e se estas seriam contabilizadas no total. Perguntado sobre isso na entrevista coletiva, \u00c9lcio Franco respondeu que \u201co total continua o total\u201d. Eduardo Mac\u00e1rio completou que o total de registros do dia (as mortes notificadas, independentemente de quando ocorreram) continuar\u00e1 sendo divulgado, mas o dia de ocorr\u00eancia ser\u00e1 considerado e isso impactar\u00e1 a curva epidemiol\u00f3gica de evolu\u00e7\u00e3o da pandemia.<\/p>\n\n\n\n<p>At\u00e9 ent\u00e3o, os dados estavam disponibilizados no&nbsp;<em>site<\/em>&nbsp;Painel Covid. Al\u00e9m disso, h\u00e1 dados de hospitaliza\u00e7\u00f5es e mortes por S\u00edndrome Respirat\u00f3ria Aguda Grave (SRAG), dentre as quais as por covid-19, no sistema de vigil\u00e2ncia da gripe. Outra base de dados utilizada \u00e9 a geral do Sistema \u00danico de Sa\u00fade, o OpenDataSus. O intuito \u00e9 consolidar essas bases de dados na nova plataforma.<\/p>\n\n\n\n<p>O novo sistema ser\u00e1 disponibilizado at\u00e9 amanh\u00e3 (9), como parte do&nbsp;<a href=\"https:\/\/agenciabrasil.ebc.com.br\/saude\/noticia\/2020-06\/ministerio-da-saude-muda-formato-de-divulgacao-de-dados-de-covid-19\" target=\"_blank\" rel=\"noreferrer noopener\">processo de mudan\u00e7a da forma de consolida\u00e7\u00e3o das informa\u00e7\u00f5es pelo minist\u00e9rio<\/a>&nbsp;anunciada&nbsp;ontem (7). Desde a semana passada, a pasta vinha divulgando os dados mais tarde, por volta das 22h.<\/p>\n\n\n\n<p>A altera\u00e7\u00e3o sofreu<a href=\"https:\/\/agenciabrasil.ebc.com.br\/saude\/noticia\/2020-06\/mpf-quer-explicacoes-sobre-mudanca-na-divulgacao-de-dados-da-covid-19\" target=\"_blank\" rel=\"noreferrer noopener\">&nbsp;questionamentos do Minist\u00e9rio P\u00fablico Federal&nbsp;<\/a>(MPF) e da C\u00e2mara dos Deputados. A Organiza\u00e7\u00e3o Mundial da Sa\u00fade, em entrevista coletiva&nbsp;hoje, tamb\u00e9m defendeu que o Brasil seja mais transparente.<\/p>\n\n\n\n<p>Sobre a&nbsp;<a href=\"https:\/\/agenciabrasil.ebc.com.br\/saude\/noticia\/2020-06\/ministerio-da-saude-corrige-dados-sobre-covid-19\" target=\"_blank\" rel=\"noreferrer noopener\">divulga\u00e7\u00e3o&nbsp;n\u00fameros diferentes&nbsp;ontem pelo Minist\u00e9rio da Sa\u00fade<\/a>, o secret\u00e1rio \u00c9lcio Franco n\u00e3o explicou a origem e motiva\u00e7\u00e3o da diferen\u00e7a entre os dados e a redu\u00e7\u00e3o do n\u00famero de mortes.<\/p>\n\n\n\n<p>Elcio Franco tamb\u00e9m ressaltou que n\u00e3o h\u00e1 inten\u00e7\u00e3o de recontagem de v\u00edtimas da covid-19.&nbsp;<\/p>\n\n\n\n<blockquote class=\"wp-block-quote is-layout-flow wp-block-quote-is-layout-flow\"><p>&#8220;N\u00e3o h\u00e1 essa inten\u00e7\u00e3o. Esses dados s\u00e3o divulgados pelos estados e munic\u00edpios, eles est\u00e3o sendo baseados em an\u00e1lise cl\u00ednica, o diagn\u00f3stico de um m\u00e9dico, que \u00e9 um profissional de sa\u00fade. Eles s\u00e3o confirmados por testagem, feita em laborat\u00f3rios particulares oficiais, ent\u00e3o, da mesma forma que n\u00f3s acreditamos nesses dados que n\u00f3s estamos apresentando agora, n\u00f3s acreditamos nos dados que foram carregados por estados e munic\u00edpios&#8221;, disse o secret\u00e1rio executivo do Minist\u00e9rio da Sa\u00fade.&nbsp;<\/p><\/blockquote>\n\n\n\n<h2 class=\"wp-block-heading\">Veja entrevista na \u00edntegra<\/h2>\n\n\n\n<figure><iframe allowfullscreen=\"true\" height=\"315\" data-src=\"https:\/\/www.facebook.com\/plugins\/video.php?href=https%3A%2F%2Fwww.facebook.com%2Fagenciabrasil.ebc%2Fvideos%2F1103557353358778%2F&amp;show_text=0&amp;width=560\" width=\"560\" src=\"data:image\/svg+xml;base64,PHN2ZyB3aWR0aD0iMSIgaGVpZ2h0PSIxIiB4bWxucz0iaHR0cDovL3d3dy53My5vcmcvMjAwMC9zdmciPjwvc3ZnPg==\" class=\"lazyload\" data-load-mode=\"1\"><\/iframe><\/figure>\n\n\n\n<p><br>Para o governo, a divulga\u00e7\u00e3o do ac\u00famulo de casos, como vinha sendo feito at\u00e9 o momento, dificulta a verifica\u00e7\u00e3o das&nbsp;mudan\u00e7as dos cen\u00e1rios regionais, estaduais e municipais. \u201cO dado acumulado pode indicar uma grande quantidade de casos em localidades que j\u00e1 est\u00e3o em outra fase da curva epidemiol\u00f3gica\u201d, informou.<\/p>\n\n\n\n<p>Nos \u00faltimos dias, o governo j\u00e1 havia deixado de apresentar alguns dados consolidados e mudado a din\u00e2mica de divulga\u00e7\u00e3o. Antes, a pasta divulgava boletins atualizados diariamente entre 17h e 18h, durante coletivas de imprensa. Desde a \u00faltima quinta-feira (4), os dados t\u00eam sido divulgados pr\u00f3ximo \u00e0s 22h.<\/p>\n\n\n\n<p>Segundo o minist\u00e9rio, a adequa\u00e7\u00e3o dos hor\u00e1rios de&nbsp;<a href=\"https:\/\/agenciabrasil.ebc.com.br\/saude\/noticia\/2020-06\/ministerio-da-saude-muda-formato-de-divulgacao-de-dados-de-covid-19\" target=\"_blank\" rel=\"noreferrer noopener\">divulga\u00e7\u00e3o dos dado<\/a>s \u00e9 parte da estrat\u00e9gia da obten\u00e7\u00e3o de informa\u00e7\u00f5es mais precisas, pois o momento de divulga\u00e7\u00e3o est\u00e1 atrelado ao fechamento dos boletins epidemiol\u00f3gicos estaduais.<\/p>\n\n\n\n<p>*Texto alterado \u00e0s 21h49 para complemento de informa\u00e7\u00f5es.&nbsp;<\/p>\n","protected":false},"excerpt":{"rendered":"<p>O secret\u00e1rio executivo&nbsp;do Minist\u00e9rio da Sa\u00fade, \u00c9lcio Franco, apresentou a nova plataforma de consolida\u00e7\u00e3o dos dados sobre a covid-19 no pa\u00eds. Uma nova plataforma ser\u00e1&hellip; <\/p>\n","protected":false},"author":2,"featured_media":173419,"comment_status":"closed","ping_status":"closed","sticky":false,"template":"","format":"standard","meta":{"sfsi_plus_gutenberg_text_before_share":"","sfsi_plus_gutenberg_show_text_before_share":"","sfsi_plus_gutenberg_icon_type":"","sfsi_plus_gutenberg_icon_alignemt":"","sfsi_plus_gutenburg_max_per_row":"","footnotes":""},"categories":[2],"tags":[],"class_list":["post-173418","post","type-post","status-publish","format-standard","has-post-thumbnail","hentry","category-geral"],"_links":{"self":[{"href":"https:\/\/www.caririemacao.com\/1\/wp-json\/wp\/v2\/posts\/173418","targetHints":{"allow":["GET"]}}],"collection":[{"href":"https:\/\/www.caririemacao.com\/1\/wp-json\/wp\/v2\/posts"}],"about":[{"href":"https:\/\/www.caririemacao.com\/1\/wp-json\/wp\/v2\/types\/post"}],"author":[{"embeddable":true,"href":"https:\/\/www.caririemacao.com\/1\/wp-json\/wp\/v2\/users\/2"}],"replies":[{"embeddable":true,"href":"https:\/\/www.caririemacao.com\/1\/wp-json\/wp\/v2\/comments?post=173418"}],"version-history":[{"count":1,"href":"https:\/\/www.caririemacao.com\/1\/wp-json\/wp\/v2\/posts\/173418\/revisions"}],"predecessor-version":[{"id":173420,"href":"https:\/\/www.caririemacao.com\/1\/wp-json\/wp\/v2\/posts\/173418\/revisions\/173420"}],"wp:featuredmedia":[{"embeddable":true,"href":"https:\/\/www.caririemacao.com\/1\/wp-json\/wp\/v2\/media\/173419"}],"wp:attachment":[{"href":"https:\/\/www.caririemacao.com\/1\/wp-json\/wp\/v2\/media?parent=173418"}],"wp:term":[{"taxonomy":"category","embeddable":true,"href":"https:\/\/www.caririemacao.com\/1\/wp-json\/wp\/v2\/categories?post=173418"},{"taxonomy":"post_tag","embeddable":true,"href":"https:\/\/www.caririemacao.com\/1\/wp-json\/wp\/v2\/tags?post=173418"}],"curies":[{"name":"wp","href":"https:\/\/api.w.org\/{rel}","templated":true}]}}