{"id":173429,"date":"2020-06-09T08:02:08","date_gmt":"2020-06-09T11:02:08","guid":{"rendered":"https:\/\/www.caririemacao.com\/1\/?p=173429"},"modified":"2020-06-09T08:02:08","modified_gmt":"2020-06-09T11:02:08","slug":"policia-militar-apreende-mais-de-120-kg-de-drogas-na-primeira-semana-de-junho-na-pb","status":"publish","type":"post","link":"https:\/\/www.caririemacao.com\/1\/2020\/06\/09\/policia-militar-apreende-mais-de-120-kg-de-drogas-na-primeira-semana-de-junho-na-pb\/","title":{"rendered":"Pol\u00edcia Militar apreende mais de 120 kg de drogas na primeira semana de junho na PB"},"content":{"rendered":"\n<h1 class=\"wp-block-heading\"><\/h1>\n\n\n\n<p>As a\u00e7\u00f5es de combate ao tr\u00e1fico de drogas na Para\u00edba j\u00e1 resultaram na apreens\u00e3o de mais de 120 kg de drogas, nos sete primeiros dias do m\u00eas de junho. Mais de 90% do entorpecente apreendido era do tipo maconha e foi pego quando estava sendo transportado para abastecer \u2018bocas de fumo\u2019 \u2013 nome que \u00e9 dado aos pontos de venda.<\/p>\n\n\n\n<p>A maior apreens\u00e3o aconteceu na cidade de Bayeux, quando foram presos quatro suspeitos em um esquema do tr\u00e1fico que \u2018importou\u2019 80 kg de drogas do Rio Grande do Norte. O material foi apreendido em uma casa, no bairro M\u00e1rio Andreazza. Os presos t\u00eam idades entre 19 e 46 anos e dois deles j\u00e1 tinham anota\u00e7\u00f5es criminais por homic\u00eddio e tr\u00e1fico.<\/p>\n\n\n\n<p>Nesse domingo (7), foram registradas apreens\u00f5es nas cidades de Campina Grande e Alagoa Grande. Na primeira, em Campina, foram quase 9 kg de maconha, em uma casa, no bairro Novo Horizonte. A droga estava dentro de sacos pl\u00e1sticos. Na segunda, em Alagoa Grande, foi preso um suspeito de 21 anos, que vinha em um \u00f4nibus do Rio de Janeiro e passou por uma barreira de preven\u00e7\u00e3o ao novo coronav\u00edrus. Ele estava com nove tabletes e duas por\u00e7\u00f5es de maconha dentro de uma bolsa infantil.<\/p>\n","protected":false},"excerpt":{"rendered":"<p>As a\u00e7\u00f5es de combate ao tr\u00e1fico de drogas na Para\u00edba j\u00e1 resultaram na apreens\u00e3o de mais de 120 kg de drogas, nos sete primeiros dias&hellip; <\/p>\n","protected":false},"author":2,"featured_media":173430,"comment_status":"closed","ping_status":"closed","sticky":false,"template":"","format":"standard","meta":{"sfsi_plus_gutenberg_text_before_share":"","sfsi_plus_gutenberg_show_text_before_share":"","sfsi_plus_gutenberg_icon_type":"","sfsi_plus_gutenberg_icon_alignemt":"","sfsi_plus_gutenburg_max_per_row":"","footnotes":""},"categories":[12],"tags":[],"class_list":["post-173429","post","type-post","status-publish","format-standard","has-post-thumbnail","hentry","category-policia"],"_links":{"self":[{"href":"https:\/\/www.caririemacao.com\/1\/wp-json\/wp\/v2\/posts\/173429","targetHints":{"allow":["GET"]}}],"collection":[{"href":"https:\/\/www.caririemacao.com\/1\/wp-json\/wp\/v2\/posts"}],"about":[{"href":"https:\/\/www.caririemacao.com\/1\/wp-json\/wp\/v2\/types\/post"}],"author":[{"embeddable":true,"href":"https:\/\/www.caririemacao.com\/1\/wp-json\/wp\/v2\/users\/2"}],"replies":[{"embeddable":true,"href":"https:\/\/www.caririemacao.com\/1\/wp-json\/wp\/v2\/comments?post=173429"}],"version-history":[{"count":1,"href":"https:\/\/www.caririemacao.com\/1\/wp-json\/wp\/v2\/posts\/173429\/revisions"}],"predecessor-version":[{"id":173431,"href":"https:\/\/www.caririemacao.com\/1\/wp-json\/wp\/v2\/posts\/173429\/revisions\/173431"}],"wp:featuredmedia":[{"embeddable":true,"href":"https:\/\/www.caririemacao.com\/1\/wp-json\/wp\/v2\/media\/173430"}],"wp:attachment":[{"href":"https:\/\/www.caririemacao.com\/1\/wp-json\/wp\/v2\/media?parent=173429"}],"wp:term":[{"taxonomy":"category","embeddable":true,"href":"https:\/\/www.caririemacao.com\/1\/wp-json\/wp\/v2\/categories?post=173429"},{"taxonomy":"post_tag","embeddable":true,"href":"https:\/\/www.caririemacao.com\/1\/wp-json\/wp\/v2\/tags?post=173429"}],"curies":[{"name":"wp","href":"https:\/\/api.w.org\/{rel}","templated":true}]}}