{"id":173433,"date":"2020-06-09T08:05:23","date_gmt":"2020-06-09T11:05:23","guid":{"rendered":"https:\/\/www.caririemacao.com\/1\/?p=173433"},"modified":"2020-06-09T08:05:23","modified_gmt":"2020-06-09T11:05:23","slug":"comecam-hoje-as-inscricoes-da-selecao-cultural-para-novas-propostas-digitais-durante-pandemia-na-paraiba","status":"publish","type":"post","link":"https:\/\/www.caririemacao.com\/1\/2020\/06\/09\/comecam-hoje-as-inscricoes-da-selecao-cultural-para-novas-propostas-digitais-durante-pandemia-na-paraiba\/","title":{"rendered":"Come\u00e7am hoje as inscri\u00e7\u00f5es da sele\u00e7\u00e3o cultural para novas propostas digitais durante pandemia na Para\u00edba"},"content":{"rendered":"\n<h1 class=\"wp-block-heading\"><\/h1>\n\n\n\n<p>Come\u00e7am nesta ter\u00e7a-feira (09), \u00e0s 8h as inscri\u00e7\u00f5es&nbsp;da sele\u00e7\u00e3o cultural para novas propostas digitais durante pandemia na Para\u00edba.&nbsp;O projeto chamado &#8220;#CulturaPBnaWeb&#8221;, realizado pela Secretaria de Estado da Cultura (Secult) e foi publicado no Di\u00e1rio Oficial desta ter\u00e7a-feira (09).<br><a href=\"https:\/\/www.clickpb.com.br\/media\/filer_public\/79\/e1\/79e121ae-6f4d-4c59-b9cf-618f2705c647\/diario-oficial-09-06-2020.pdf\">Confira o edital no Di\u00e1rio Oficial a partir da p\u00e1gina 4<\/a><\/p>\n\n\n\n<p>S\u00e3o oferecidas 150 vagas de propostas art\u00edsticas nas \u00e1reas de performance art\u00edstica (60); curso, oficina e workshop (20); e-books e hist\u00f3ria em quadrinhos (20); podcast (20); exibi\u00e7\u00e3o de curta-metragem (20); exposi\u00e7\u00e3o, interven\u00e7\u00e3o e galeria de arte virtual (10). Os projetos selecionados v\u00e3o receber um cach\u00ea de R$ 1,2 mil cada.<\/p>\n\n\n\n<p>As inscri\u00e7\u00f5es s\u00e3o gratuitas e seguem at\u00e9 o dia 21 de junho e devem ser feitas por meio do preenchimento de um formul\u00e1rio&nbsp;<a href=\"https:\/\/paraiba.pb.gov.br\/diretas\/secreta-ria-da-cultura\">no site da Secult<\/a>.&nbsp;Os artistas tamb\u00e9m devem enviar a ficha t\u00e9cnica da apresenta\u00e7\u00e3o art\u00edstica em formato digital, um portf\u00f3lio com detalhamento da produ\u00e7\u00e3o feita nos \u00faltimos cinco anos, documentos espec\u00edficos previstos no edital e tamb\u00e9m, se quiser, um arquivo no formato PDF, de at\u00e9 10 mb de tamanho, com o clipping de reportagens, cr\u00edticas, fotos e outros itens relativos \u00e0 produ\u00e7\u00e3o.<\/p>\n\n\n\n<p>Os materiais enviados pelos artistas v\u00e3o ser exibidos nas redes sociais e canais digitais do Governo do Estado e da Secult durante o per\u00edodo de isolamento domiciliar em virtude da pandemia do novo coronav\u00edrus (Covid-19).<\/p>\n\n\n\n<p>Os pagamentos dos cach\u00eas v\u00e3o ser feitos por meio de cr\u00e9dito em conta corrente informada no ato de inscri\u00e7\u00e3o em um prazo de at\u00e9 30 dias contados a partir da data da publica\u00e7\u00e3o do v\u00eddeo do proponente nos canais citados.<\/p>\n\n\n\n<p>A previs\u00e3o do edital \u00e9 de que a rela\u00e7\u00e3o final das propostas credenciadas seja divulgada no dia 4 de julho. O projeto est\u00e1 previsto para come\u00e7ar no dia 14 de julho<\/p>\n","protected":false},"excerpt":{"rendered":"<p>Come\u00e7am nesta ter\u00e7a-feira (09), \u00e0s 8h as inscri\u00e7\u00f5es&nbsp;da sele\u00e7\u00e3o cultural para novas propostas digitais durante pandemia na Para\u00edba.&nbsp;O projeto chamado &#8220;#CulturaPBnaWeb&#8221;, realizado pela Secretaria de&hellip; <\/p>\n","protected":false},"author":2,"featured_media":173434,"comment_status":"closed","ping_status":"closed","sticky":false,"template":"","format":"standard","meta":{"sfsi_plus_gutenberg_text_before_share":"","sfsi_plus_gutenberg_show_text_before_share":"","sfsi_plus_gutenberg_icon_type":"","sfsi_plus_gutenberg_icon_alignemt":"","sfsi_plus_gutenburg_max_per_row":"","footnotes":""},"categories":[2],"tags":[],"class_list":["post-173433","post","type-post","status-publish","format-standard","has-post-thumbnail","hentry","category-geral"],"_links":{"self":[{"href":"https:\/\/www.caririemacao.com\/1\/wp-json\/wp\/v2\/posts\/173433","targetHints":{"allow":["GET"]}}],"collection":[{"href":"https:\/\/www.caririemacao.com\/1\/wp-json\/wp\/v2\/posts"}],"about":[{"href":"https:\/\/www.caririemacao.com\/1\/wp-json\/wp\/v2\/types\/post"}],"author":[{"embeddable":true,"href":"https:\/\/www.caririemacao.com\/1\/wp-json\/wp\/v2\/users\/2"}],"replies":[{"embeddable":true,"href":"https:\/\/www.caririemacao.com\/1\/wp-json\/wp\/v2\/comments?post=173433"}],"version-history":[{"count":1,"href":"https:\/\/www.caririemacao.com\/1\/wp-json\/wp\/v2\/posts\/173433\/revisions"}],"predecessor-version":[{"id":173435,"href":"https:\/\/www.caririemacao.com\/1\/wp-json\/wp\/v2\/posts\/173433\/revisions\/173435"}],"wp:featuredmedia":[{"embeddable":true,"href":"https:\/\/www.caririemacao.com\/1\/wp-json\/wp\/v2\/media\/173434"}],"wp:attachment":[{"href":"https:\/\/www.caririemacao.com\/1\/wp-json\/wp\/v2\/media?parent=173433"}],"wp:term":[{"taxonomy":"category","embeddable":true,"href":"https:\/\/www.caririemacao.com\/1\/wp-json\/wp\/v2\/categories?post=173433"},{"taxonomy":"post_tag","embeddable":true,"href":"https:\/\/www.caririemacao.com\/1\/wp-json\/wp\/v2\/tags?post=173433"}],"curies":[{"name":"wp","href":"https:\/\/api.w.org\/{rel}","templated":true}]}}