{"id":173437,"date":"2020-06-09T08:08:31","date_gmt":"2020-06-09T11:08:31","guid":{"rendered":"https:\/\/www.caririemacao.com\/1\/?p=173437"},"modified":"2020-06-09T08:08:31","modified_gmt":"2020-06-09T11:08:31","slug":"auxilio-emergencial-caixa-libera-saques-e-transferencias-da-2a-parcela-para-nascidos-em-setembro","status":"publish","type":"post","link":"https:\/\/www.caririemacao.com\/1\/2020\/06\/09\/auxilio-emergencial-caixa-libera-saques-e-transferencias-da-2a-parcela-para-nascidos-em-setembro\/","title":{"rendered":"Aux\u00edlio Emergencial: Caixa libera saques e transfer\u00eancias da 2\u00aa parcela para nascidos em setembro"},"content":{"rendered":"\n<h1 class=\"wp-block-heading\"><\/h1>\n\n\n\n<p>A Caixa Econ\u00f4mica Federal (CEF) libera nesta ter\u00e7a-feira (9) as transfer\u00eancias e os saques em dinheiro da segunda parcela do Aux\u00edlio Emergencial depositada em poupan\u00e7as sociais digitais do banco para os 2,6 milh\u00f5es de benefici\u00e1rios nascidos em setembro.<\/p>\n\n\n\n<p>As libera\u00e7\u00f5es come\u00e7aram&nbsp;em 30 de maio e seguem um cronograma ligado ao m\u00eas de nascimento do trabalhador. At\u00e9 a data de libera\u00e7\u00e3o, os recursos j\u00e1 depositados nas poupan\u00e7as podem ser usados apenas para pagamento de contas, de boletos e compras por meio do cart\u00e3o de d\u00e9bito virtual.<\/p>\n\n\n\n<p>Para os trabalhadores que receberam a primeira parcela do benef\u00edcio em outra conta, os recursos depositados na poupan\u00e7a digital ser\u00e3o transferidos automaticamente tamb\u00e9m na data de libera\u00e7\u00e3o dos saques e transfer\u00eancias. Com isso, esses benefici\u00e1rios ter\u00e3o que procurar os bancos em que t\u00eam conta caso queiram sacar o dinheiro.<\/p>\n\n\n\n<p><strong>Pagamentos<\/strong><\/p>\n\n\n\n<p>A Caixa concluiu em maio os pagamentos da segunda parcela do Aux\u00edlio Emergencial para os benefici\u00e1rios que receberam a primeira at\u00e9 30 de abril. O calend\u00e1rio da terceira parcela, que estava prevista para maio, continua sem defini\u00e7\u00e3o.<\/p>\n\n\n\n<p>Um segundo grupo de aprovados recebeu a primeira parcela tamb\u00e9m na \u00faltima semana semana de maio &#8211; para estes, a data de pagamento da segunda n\u00e3o est\u00e1 confirmada mas, segundo o presidente da Caixa, o benef\u00edcio deve ser liberado em um m\u00eas.<\/p>\n\n\n\n<p>At\u00e9 segunda-feira (9), ainda havia 10,4 milh\u00f5es de pedidos de Aux\u00edlio Emergencial aguardando an\u00e1lise, segundo a Caixa. N\u00e3o h\u00e1 previs\u00e3o de quando essas pessoas ir\u00e3o receber o benef\u00edcio.<\/p>\n\n\n\n<p>Os trabalhadores podem consultar a situa\u00e7\u00e3o do benef\u00edcio pelo aplicativo do aux\u00edlio emergencial ou pelo site auxilio.caixa.gov.br.<\/p>\n","protected":false},"excerpt":{"rendered":"<p>A Caixa Econ\u00f4mica Federal (CEF) libera nesta ter\u00e7a-feira (9) as transfer\u00eancias e os saques em dinheiro da segunda parcela do Aux\u00edlio Emergencial depositada em poupan\u00e7as&hellip; <\/p>\n","protected":false},"author":2,"featured_media":173438,"comment_status":"closed","ping_status":"closed","sticky":false,"template":"","format":"standard","meta":{"sfsi_plus_gutenberg_text_before_share":"","sfsi_plus_gutenberg_show_text_before_share":"","sfsi_plus_gutenberg_icon_type":"","sfsi_plus_gutenberg_icon_alignemt":"","sfsi_plus_gutenburg_max_per_row":"","footnotes":""},"categories":[2],"tags":[],"class_list":["post-173437","post","type-post","status-publish","format-standard","has-post-thumbnail","hentry","category-geral"],"_links":{"self":[{"href":"https:\/\/www.caririemacao.com\/1\/wp-json\/wp\/v2\/posts\/173437","targetHints":{"allow":["GET"]}}],"collection":[{"href":"https:\/\/www.caririemacao.com\/1\/wp-json\/wp\/v2\/posts"}],"about":[{"href":"https:\/\/www.caririemacao.com\/1\/wp-json\/wp\/v2\/types\/post"}],"author":[{"embeddable":true,"href":"https:\/\/www.caririemacao.com\/1\/wp-json\/wp\/v2\/users\/2"}],"replies":[{"embeddable":true,"href":"https:\/\/www.caririemacao.com\/1\/wp-json\/wp\/v2\/comments?post=173437"}],"version-history":[{"count":1,"href":"https:\/\/www.caririemacao.com\/1\/wp-json\/wp\/v2\/posts\/173437\/revisions"}],"predecessor-version":[{"id":173439,"href":"https:\/\/www.caririemacao.com\/1\/wp-json\/wp\/v2\/posts\/173437\/revisions\/173439"}],"wp:featuredmedia":[{"embeddable":true,"href":"https:\/\/www.caririemacao.com\/1\/wp-json\/wp\/v2\/media\/173438"}],"wp:attachment":[{"href":"https:\/\/www.caririemacao.com\/1\/wp-json\/wp\/v2\/media?parent=173437"}],"wp:term":[{"taxonomy":"category","embeddable":true,"href":"https:\/\/www.caririemacao.com\/1\/wp-json\/wp\/v2\/categories?post=173437"},{"taxonomy":"post_tag","embeddable":true,"href":"https:\/\/www.caririemacao.com\/1\/wp-json\/wp\/v2\/tags?post=173437"}],"curies":[{"name":"wp","href":"https:\/\/api.w.org\/{rel}","templated":true}]}}