{"id":173442,"date":"2020-06-09T09:08:30","date_gmt":"2020-06-09T12:08:30","guid":{"rendered":"https:\/\/www.caririemacao.com\/1\/?p=173442"},"modified":"2020-06-09T09:08:30","modified_gmt":"2020-06-09T12:08:30","slug":"projeto-obriga-envio-diario-a-camara-e-ao-senado-de-dados-oficiais-sobre-a-covid-19","status":"publish","type":"post","link":"https:\/\/www.caririemacao.com\/1\/2020\/06\/09\/projeto-obriga-envio-diario-a-camara-e-ao-senado-de-dados-oficiais-sobre-a-covid-19\/","title":{"rendered":"Projeto obriga envio di\u00e1rio \u00e0 C\u00e2mara e ao Senado de dados oficiais sobre a Covid-19"},"content":{"rendered":"\n<p>O Projeto de Lei 3161\/20 obriga Uni\u00e3o, estados, munic\u00edpios e o Distrito Federal a encaminharem \u00e0s Mesas Diretoras da C\u00e2mara dos Deputados e do Senado Federal, diariamente at\u00e9 as 17 horas, informa\u00e7\u00f5es sobre o n\u00famero de pessoas infectadas, recuperadas, em tratamento e que morreram em raz\u00e3o da Covid-19 no Brasil. Os dados fornecidos ser\u00e3o disponibilizados at\u00e9 as 19 horas nos sites oficiais das duas casas do Congresso Nacional.<\/p>\n\n\n\n<p>\u201cO objetivo \u00e9 garantir ao Poder Legislativo federal acesso a informa\u00e7\u00f5es essenciais sobre a evolu\u00e7\u00e3o da Covid-19 no Pa\u00eds\u201d, afirma o autor da proposta, deputado Andre Figueiredo (PDT-CE), l\u00edder da Oposi\u00e7\u00e3o na C\u00e2mara dos Deputados.<\/p>\n\n\n\n<p>Segundo Figueiredo, a medida se justifica em raz\u00e3o de mudan\u00e7as recentes na forma de apresenta\u00e7\u00e3o dos dados sobre a doen\u00e7a pelo Minist\u00e9rio da Sa\u00fade. Desde o dia 6 de junho, o site oficial do minist\u00e9rio deixou de apresentar dados acumulados sobre infectados e mortos pela Covid-19 no Brasil, exibindo apenas os resultados das \u00faltimas 24 horas.<\/p>\n\n\n\n<p>De acordo com o projeto, \u00f3rg\u00e3os e entidades da administra\u00e7\u00e3o p\u00fablica ficam obrigados a encaminhar \u00e0s duas casas do Congresso tamb\u00e9m informa\u00e7\u00f5es sobre a taxa de letalidade e os coeficientes de incid\u00eancia e de morte por 100 mil habitantes da doen\u00e7a. Dados dos munic\u00edpios dever\u00e3o ser consolidados pelas secretarias estaduais de sa\u00fade antes de serem enviados.<\/p>\n\n\n\n<p>Atualmente, a Lei Nacional da Quarentena (Lei 13.979\/20), que \u00e9 alterada pelo projeto, j\u00e1 obriga a administra\u00e7\u00e3o p\u00fablica a compartilhar dados essenciais para a identifica\u00e7\u00e3o de pessoas infectadas ou com suspeita de contamina\u00e7\u00e3o pelo novo coronav\u00edrus. O texto atual da lei, entretanto, n\u00e3o exige a publica\u00e7\u00e3o do n\u00famero de mortos pela doen\u00e7a, obrigando o Minist\u00e9rio da Sa\u00fade a manter apenas dados p\u00fablicos e atualizados sobre casos confirmados, suspeitos e em investiga\u00e7\u00e3o.<\/p>\n\n\n\n<p>Figueiredo, juntamente com deputados e senadores de oposi\u00e7\u00e3o, anunciou ainda a cria\u00e7\u00e3o de uma Comiss\u00e3o Parlamentar de Inqu\u00e9rito (CPI) para investigar a atua\u00e7\u00e3o do Minist\u00e9rio da Sa\u00fade. O grupo de parlamentares dever\u00e1 ainda acionar o Supremo Tribunal Federal (STF) para garantir transpar\u00eancia na divulga\u00e7\u00e3o dos dados oficiais sobre os efeitos da pandemia no Brasil.<\/p>\n\n\n\n<p>Fonte: Ag\u00eancia C\u00e2mara de Not\u00edcias<\/p>\n","protected":false},"excerpt":{"rendered":"<p>O Projeto de Lei 3161\/20 obriga Uni\u00e3o, estados, munic\u00edpios e o Distrito Federal a encaminharem \u00e0s Mesas Diretoras da C\u00e2mara dos Deputados e do Senado&hellip; <\/p>\n","protected":false},"author":1,"featured_media":173443,"comment_status":"closed","ping_status":"closed","sticky":false,"template":"","format":"standard","meta":{"sfsi_plus_gutenberg_text_before_share":"","sfsi_plus_gutenberg_show_text_before_share":"","sfsi_plus_gutenberg_icon_type":"","sfsi_plus_gutenberg_icon_alignemt":"","sfsi_plus_gutenburg_max_per_row":"","footnotes":""},"categories":[2],"tags":[],"class_list":["post-173442","post","type-post","status-publish","format-standard","has-post-thumbnail","hentry","category-geral"],"_links":{"self":[{"href":"https:\/\/www.caririemacao.com\/1\/wp-json\/wp\/v2\/posts\/173442","targetHints":{"allow":["GET"]}}],"collection":[{"href":"https:\/\/www.caririemacao.com\/1\/wp-json\/wp\/v2\/posts"}],"about":[{"href":"https:\/\/www.caririemacao.com\/1\/wp-json\/wp\/v2\/types\/post"}],"author":[{"embeddable":true,"href":"https:\/\/www.caririemacao.com\/1\/wp-json\/wp\/v2\/users\/1"}],"replies":[{"embeddable":true,"href":"https:\/\/www.caririemacao.com\/1\/wp-json\/wp\/v2\/comments?post=173442"}],"version-history":[{"count":1,"href":"https:\/\/www.caririemacao.com\/1\/wp-json\/wp\/v2\/posts\/173442\/revisions"}],"predecessor-version":[{"id":173444,"href":"https:\/\/www.caririemacao.com\/1\/wp-json\/wp\/v2\/posts\/173442\/revisions\/173444"}],"wp:featuredmedia":[{"embeddable":true,"href":"https:\/\/www.caririemacao.com\/1\/wp-json\/wp\/v2\/media\/173443"}],"wp:attachment":[{"href":"https:\/\/www.caririemacao.com\/1\/wp-json\/wp\/v2\/media?parent=173442"}],"wp:term":[{"taxonomy":"category","embeddable":true,"href":"https:\/\/www.caririemacao.com\/1\/wp-json\/wp\/v2\/categories?post=173442"},{"taxonomy":"post_tag","embeddable":true,"href":"https:\/\/www.caririemacao.com\/1\/wp-json\/wp\/v2\/tags?post=173442"}],"curies":[{"name":"wp","href":"https:\/\/api.w.org\/{rel}","templated":true}]}}