{"id":173445,"date":"2020-06-09T09:12:09","date_gmt":"2020-06-09T12:12:09","guid":{"rendered":"https:\/\/www.caririemacao.com\/1\/?p=173445"},"modified":"2020-06-09T09:12:09","modified_gmt":"2020-06-09T12:12:09","slug":"brincar-com-a-morte-e-perverso-diz-maia-sobre-alteracao-de-estatisticas-da-covid-19","status":"publish","type":"post","link":"https:\/\/www.caririemacao.com\/1\/2020\/06\/09\/brincar-com-a-morte-e-perverso-diz-maia-sobre-alteracao-de-estatisticas-da-covid-19\/","title":{"rendered":"\u201cBrincar com a morte \u00e9 perverso\u201d, diz Maia sobre altera\u00e7\u00e3o de estat\u00edsticas da Covid-19"},"content":{"rendered":"\n<p>O presidente da C\u00e2mara dos Deputados, Rodrigo Maia (DEM-RJ), criticou as altera\u00e7\u00f5es feitas pelo Minist\u00e9rio da Sa\u00fade na divulga\u00e7\u00e3o dos n\u00fameros de mortes por Covid-19. Desde sexta-feira, o Minist\u00e9rio da Sa\u00fade deixou de divulgar o total de mortes e de casos confirmados. A medida foi alvo de cr\u00edticas de especialistas e parlamentares. Neste domingo, o governo chegou a informar um total de 1.382 mortes v\u00edtimas do coronav\u00edrus nas \u00faltimas 24 horas. Uma hora depois, o portal do minist\u00e9rio alterou os n\u00fameros e divulgou que o total de \u00f3bitos confirmados era de 525. Maia criticou a confus\u00e3o dos n\u00fameros do governo e defendeu o resgate da credibilidade das estat\u00edsticas. \u201cBrincar com a morte \u00e9 perverso. Ao alterar os n\u00fameros, o Minist\u00e9rio da Sa\u00fade tapa o sol com a peneira. \u00c9 urgente resgatar a credibilidade das estat\u00edsticas. Um minist\u00e9rio que tortura n\u00fameros cria um mundo paralelo para n\u00e3o enfrentar a realidade dos fatos\u201d, afirmou o presidente. Maia disse ainda que a comiss\u00e3o externa da C\u00e2mara que debate a pandemia vai se debru\u00e7ar sobre as estat\u00edsticas. \u201c\u00c9 urgente que o Minist\u00e9rio da Sa\u00fade divulgue os n\u00fameros com seriedade, respeitando os brasileiros e em hor\u00e1rio adequado. N\u00e3o se brinca com mortes e doentes\u201d, criticou Maia. Fonte: Ag\u00eancia C\u00e2mara de Not\u00edcias<\/p>\n","protected":false},"excerpt":{"rendered":"<p>O presidente da C\u00e2mara dos Deputados, Rodrigo Maia (DEM-RJ), criticou as altera\u00e7\u00f5es feitas pelo Minist\u00e9rio da Sa\u00fade na divulga\u00e7\u00e3o dos n\u00fameros de mortes por Covid-19.&hellip; <\/p>\n","protected":false},"author":1,"featured_media":173446,"comment_status":"closed","ping_status":"closed","sticky":false,"template":"","format":"standard","meta":{"sfsi_plus_gutenberg_text_before_share":"","sfsi_plus_gutenberg_show_text_before_share":"","sfsi_plus_gutenberg_icon_type":"","sfsi_plus_gutenberg_icon_alignemt":"","sfsi_plus_gutenburg_max_per_row":"","footnotes":""},"categories":[50],"tags":[],"class_list":["post-173445","post","type-post","status-publish","format-standard","has-post-thumbnail","hentry","category-destaque"],"_links":{"self":[{"href":"https:\/\/www.caririemacao.com\/1\/wp-json\/wp\/v2\/posts\/173445","targetHints":{"allow":["GET"]}}],"collection":[{"href":"https:\/\/www.caririemacao.com\/1\/wp-json\/wp\/v2\/posts"}],"about":[{"href":"https:\/\/www.caririemacao.com\/1\/wp-json\/wp\/v2\/types\/post"}],"author":[{"embeddable":true,"href":"https:\/\/www.caririemacao.com\/1\/wp-json\/wp\/v2\/users\/1"}],"replies":[{"embeddable":true,"href":"https:\/\/www.caririemacao.com\/1\/wp-json\/wp\/v2\/comments?post=173445"}],"version-history":[{"count":1,"href":"https:\/\/www.caririemacao.com\/1\/wp-json\/wp\/v2\/posts\/173445\/revisions"}],"predecessor-version":[{"id":173447,"href":"https:\/\/www.caririemacao.com\/1\/wp-json\/wp\/v2\/posts\/173445\/revisions\/173447"}],"wp:featuredmedia":[{"embeddable":true,"href":"https:\/\/www.caririemacao.com\/1\/wp-json\/wp\/v2\/media\/173446"}],"wp:attachment":[{"href":"https:\/\/www.caririemacao.com\/1\/wp-json\/wp\/v2\/media?parent=173445"}],"wp:term":[{"taxonomy":"category","embeddable":true,"href":"https:\/\/www.caririemacao.com\/1\/wp-json\/wp\/v2\/categories?post=173445"},{"taxonomy":"post_tag","embeddable":true,"href":"https:\/\/www.caririemacao.com\/1\/wp-json\/wp\/v2\/tags?post=173445"}],"curies":[{"name":"wp","href":"https:\/\/api.w.org\/{rel}","templated":true}]}}