{"id":173453,"date":"2020-06-09T11:03:19","date_gmt":"2020-06-09T14:03:19","guid":{"rendered":"https:\/\/www.caririemacao.com\/1\/?p=173453"},"modified":"2020-06-09T11:03:19","modified_gmt":"2020-06-09T14:03:19","slug":"cristaos-sao-mortos-em-ataques-de-radicais-fulani-na-nigeria","status":"publish","type":"post","link":"https:\/\/www.caririemacao.com\/1\/2020\/06\/09\/cristaos-sao-mortos-em-ataques-de-radicais-fulani-na-nigeria\/","title":{"rendered":"Crist\u00e3os s\u00e3o mortos em ataques de radicais fulani na Nig\u00e9ria"},"content":{"rendered":"\n<p>A madrugada do dia 3 de junho foi violenta para os moradores dos vilarejos de Agwalla Magayaki e Tudun Agwalla, ao sul do estado de Kaduna,&nbsp;<a href=\"https:\/\/www.portasabertas.org.br\/lista-mundial-da-perseguicao\/nigeria\">Nig\u00e9ria<\/a>. A mil\u00edcia fulani saqueou, incendiou casas e matou nove crist\u00e3os. Segundo o comunicado oficial da Uni\u00e3o dos Povos do Sul de Kaduna (SOKAPU, da sigla em ingl\u00eas), o motivo da viol\u00eancia vai al\u00e9m de conflitos comunit\u00e1rios, \u00e9 parte de uma limpeza \u00e9tnica. \u201cEst\u00e1 sendo travada guerra contra nosso povo e o governo nigeriano finge que nada est\u00e1 acontecendo. Estamos enfrentando uma enorme crise humanit\u00e1ria\u201d, afirmou Luka Binniyat, oficial nacional de rela\u00e7\u00f5es p\u00fablicas do sindicato.<\/p>\n\n\n\n<p>A pol\u00edcia foi chamada no local, mas apareceu tr\u00eas horas depois, quando a comunidade estava fazendo o enterro coletivo dos nove crist\u00e3os mortos. O sindicato apontou que a demora para o socorro e falta de interven\u00e7\u00e3o s\u00e3o sinais da falta de interesse da Pol\u00edcia Estadual de Kaduna em resolver os conflitos. Foi pedido para que a Organiza\u00e7\u00e3o das Na\u00e7\u00f5es Unidas (ONU), Uni\u00e3o Africana, Tribunal Internacional e a Anistia Internacional assistissem e intervissem na atual situa\u00e7\u00e3o da Nig\u00e9ria diante dos constantes ataques de extremistas isl\u00e2micos.<\/p>\n\n\n\n<p>A declara\u00e7\u00e3o do sindicato ainda atribui a responsabilidade do incidente ao presidente da \u00e1rea governamental de Kajuru, Cafra Caino. Ele divulgou um comunicado \u00e0 imprensa falando do inc\u00eandio a cabanas de fulanis, como retalia\u00e7\u00e3o ao assassinato de 17 alde\u00f5es nos vilarejos de Gonar Rogo, Unguwan Rana e Makyali, no dia 12 de maio. Acredita-se que os recentes ataques s\u00e3o de fulanis se vingando por terem suas moradias incendiadas.<\/p>\n\n\n\n<p><strong>Pedidos de ora\u00e7\u00e3o<\/strong><\/p>\n\n\n\n<ul class=\"wp-block-list\"><li>Interceda por todos que perderam os entes queridos nos ataques e pe\u00e7a que Deus console os cora\u00e7\u00f5es enlutados.<\/li><li>Ore para que os governantes nigerianos tenham interesse em coibir a viol\u00eancia e tenham estrat\u00e9gias s\u00e1bias para deter os extremistas.<\/li><li>Clame para que os radicais fulani tenham um encontro com Jesus e as vidas mudadas por ele.<\/li><\/ul>\n","protected":false},"excerpt":{"rendered":"<p>A madrugada do dia 3 de junho foi violenta para os moradores dos vilarejos de Agwalla Magayaki e Tudun Agwalla, ao sul do estado de&hellip; <\/p>\n","protected":false},"author":1,"featured_media":173454,"comment_status":"closed","ping_status":"closed","sticky":false,"template":"","format":"standard","meta":{"sfsi_plus_gutenberg_text_before_share":"","sfsi_plus_gutenberg_show_text_before_share":"","sfsi_plus_gutenberg_icon_type":"","sfsi_plus_gutenberg_icon_alignemt":"","sfsi_plus_gutenburg_max_per_row":"","footnotes":""},"categories":[2],"tags":[],"class_list":["post-173453","post","type-post","status-publish","format-standard","has-post-thumbnail","hentry","category-geral"],"_links":{"self":[{"href":"https:\/\/www.caririemacao.com\/1\/wp-json\/wp\/v2\/posts\/173453","targetHints":{"allow":["GET"]}}],"collection":[{"href":"https:\/\/www.caririemacao.com\/1\/wp-json\/wp\/v2\/posts"}],"about":[{"href":"https:\/\/www.caririemacao.com\/1\/wp-json\/wp\/v2\/types\/post"}],"author":[{"embeddable":true,"href":"https:\/\/www.caririemacao.com\/1\/wp-json\/wp\/v2\/users\/1"}],"replies":[{"embeddable":true,"href":"https:\/\/www.caririemacao.com\/1\/wp-json\/wp\/v2\/comments?post=173453"}],"version-history":[{"count":1,"href":"https:\/\/www.caririemacao.com\/1\/wp-json\/wp\/v2\/posts\/173453\/revisions"}],"predecessor-version":[{"id":173455,"href":"https:\/\/www.caririemacao.com\/1\/wp-json\/wp\/v2\/posts\/173453\/revisions\/173455"}],"wp:featuredmedia":[{"embeddable":true,"href":"https:\/\/www.caririemacao.com\/1\/wp-json\/wp\/v2\/media\/173454"}],"wp:attachment":[{"href":"https:\/\/www.caririemacao.com\/1\/wp-json\/wp\/v2\/media?parent=173453"}],"wp:term":[{"taxonomy":"category","embeddable":true,"href":"https:\/\/www.caririemacao.com\/1\/wp-json\/wp\/v2\/categories?post=173453"},{"taxonomy":"post_tag","embeddable":true,"href":"https:\/\/www.caririemacao.com\/1\/wp-json\/wp\/v2\/tags?post=173453"}],"curies":[{"name":"wp","href":"https:\/\/api.w.org\/{rel}","templated":true}]}}