{"id":173456,"date":"2020-06-09T11:05:35","date_gmt":"2020-06-09T14:05:35","guid":{"rendered":"https:\/\/www.caririemacao.com\/1\/?p=173456"},"modified":"2020-06-09T11:05:35","modified_gmt":"2020-06-09T14:05:35","slug":"senadora-diz-que-estado-e-prefeitura-de-jp-recusaram-sua-ajuda-no-combate-a-covid-19","status":"publish","type":"post","link":"https:\/\/www.caririemacao.com\/1\/2020\/06\/09\/senadora-diz-que-estado-e-prefeitura-de-jp-recusaram-sua-ajuda-no-combate-a-covid-19\/","title":{"rendered":"Senadora diz que Estado e Prefeitura de JP recusaram sua ajuda no combate a Covid-19"},"content":{"rendered":"\n<p>A senadora, Daniella Ribeiro, disse nesta segunda-feira (8) a noite, durante reuni\u00e3o remota do Progressistas, que procurou o governador, Jo\u00e3o Azev\u00eado (Cidadania) e o secret\u00e1rio Estadual de sa\u00fade, Geraldo Medeiros, que se ofereceu para fazer ajudar atrav\u00e9s da aloca\u00e7\u00e3o de recursos no sentido de prevenir e combater ao novo Coronav\u00edrus na Para\u00edba, mas o Governo teria recusado a sua parceria.<\/p>\n\n\n\n<p>Daniella disse que mandou diversas mensagens para o governador bem como o secret\u00e1rio e s\u00f3 bem depois, recebeu um feedback, onde lhe foi dito que \u201cn\u00e3o precisava\u201d.<\/p>\n\n\n\n<p>Da mesma forma, a senadora afirma que se ofereceu para ajudar Jo\u00e3o Pessoa, mas que o secret\u00e1rio de sa\u00fade da capital, Adalberto Fulg\u00eancio, tamb\u00e9m n\u00e3o entendeu a sua inten\u00e7\u00e3o de ajudar e tamb\u00e9m n\u00e3o aceitou seus pr\u00e9stimos.<\/p>\n\n\n\n<p>Daniella lamenta a atitude desses governantes em recusar a sua ajuda e disse que seu \u00fanico objetivo era ajudar a salvar vidas que, na sua opini\u00e3o est\u00e1 em primeiro lugar.<\/p>\n\n\n\n<p>A fala da senadora foi direcionada ao ex-governador, ex-senador e ex-prefeito de Jo\u00e3o Pessoa, C\u00edcero Lucena, que se filiou ao Progressistas e \u00e9 pr\u00e9-candidato a prefeito da capital.<\/p>\n\n\n\n<p>Ela direcionou a pergunta a C\u00edcero, que proferiu uma palestra para os filiados do partido sobre sa\u00fade e o questionou sobre como ele agiria se um pol\u00edtico da oposi\u00e7\u00e3o lhe procurasse e oferecesse ajuda com o intuito de salvar vidas.<\/p>\n\n\n\n<p>Daniella se emocionou e disse que faz pol\u00edtica de uma forma diferente, buscando sempre ajudar os que mais precisam sem olhar cor partid\u00e1ria.<\/p>\n\n\n\n<p><strong>Da reda\u00e7\u00e3o<\/strong><\/p>\n","protected":false},"excerpt":{"rendered":"<p>A senadora, Daniella Ribeiro, disse nesta segunda-feira (8) a noite, durante reuni\u00e3o remota do Progressistas, que procurou o governador, Jo\u00e3o Azev\u00eado (Cidadania) e o secret\u00e1rio&hellip; <\/p>\n","protected":false},"author":1,"featured_media":173457,"comment_status":"closed","ping_status":"closed","sticky":false,"template":"","format":"standard","meta":{"sfsi_plus_gutenberg_text_before_share":"","sfsi_plus_gutenberg_show_text_before_share":"","sfsi_plus_gutenberg_icon_type":"","sfsi_plus_gutenberg_icon_alignemt":"","sfsi_plus_gutenburg_max_per_row":"","footnotes":""},"categories":[2],"tags":[],"class_list":["post-173456","post","type-post","status-publish","format-standard","has-post-thumbnail","hentry","category-geral"],"_links":{"self":[{"href":"https:\/\/www.caririemacao.com\/1\/wp-json\/wp\/v2\/posts\/173456","targetHints":{"allow":["GET"]}}],"collection":[{"href":"https:\/\/www.caririemacao.com\/1\/wp-json\/wp\/v2\/posts"}],"about":[{"href":"https:\/\/www.caririemacao.com\/1\/wp-json\/wp\/v2\/types\/post"}],"author":[{"embeddable":true,"href":"https:\/\/www.caririemacao.com\/1\/wp-json\/wp\/v2\/users\/1"}],"replies":[{"embeddable":true,"href":"https:\/\/www.caririemacao.com\/1\/wp-json\/wp\/v2\/comments?post=173456"}],"version-history":[{"count":1,"href":"https:\/\/www.caririemacao.com\/1\/wp-json\/wp\/v2\/posts\/173456\/revisions"}],"predecessor-version":[{"id":173458,"href":"https:\/\/www.caririemacao.com\/1\/wp-json\/wp\/v2\/posts\/173456\/revisions\/173458"}],"wp:featuredmedia":[{"embeddable":true,"href":"https:\/\/www.caririemacao.com\/1\/wp-json\/wp\/v2\/media\/173457"}],"wp:attachment":[{"href":"https:\/\/www.caririemacao.com\/1\/wp-json\/wp\/v2\/media?parent=173456"}],"wp:term":[{"taxonomy":"category","embeddable":true,"href":"https:\/\/www.caririemacao.com\/1\/wp-json\/wp\/v2\/categories?post=173456"},{"taxonomy":"post_tag","embeddable":true,"href":"https:\/\/www.caririemacao.com\/1\/wp-json\/wp\/v2\/tags?post=173456"}],"curies":[{"name":"wp","href":"https:\/\/api.w.org\/{rel}","templated":true}]}}