{"id":173461,"date":"2020-06-09T11:12:56","date_gmt":"2020-06-09T14:12:56","guid":{"rendered":"https:\/\/www.caririemacao.com\/1\/?p=173461"},"modified":"2020-06-09T11:12:56","modified_gmt":"2020-06-09T14:12:56","slug":"menino-de-4-anos-e-assassinado-em-sua-festa-de-aniversario","status":"publish","type":"post","link":"https:\/\/www.caririemacao.com\/1\/2020\/06\/09\/menino-de-4-anos-e-assassinado-em-sua-festa-de-aniversario\/","title":{"rendered":"Menino de 4 anos \u00e9 assassinado em sua festa de anivers\u00e1rio"},"content":{"rendered":"\n<p><strong>Mag\u00e9 RJ &#8211;\u00a0<\/strong>Um menino morreu ap\u00f3s ser baleado durante sua festa de anivers\u00e1rio no \u00faltimo fim de semana, em Piabet\u00e1, na Baixada Fluminense. Enzo, de 4 anos, foi atingido com um tiro no peito durante a comemora\u00e7\u00e3o e o autor do disparo, que participava do evento, foi preso em flagrante.<\/p>\n\n\n\n<p><br>&#8220;O meu filho estava completando 4 anos de idade, feliz da vida com a festinha do Hulk dele. Ele j\u00e1 estava h\u00e1 um m\u00eas perguntando: minha festa \u00e9 amanh\u00e3? Minha festa \u00e9 amanh\u00e3?&#8221;, disse o pai em um \u00e1udio gravado.<\/p>\n\n\n\n<p><br>O pequeno Enzo chegou a ouvir os convidados cantarem parab\u00e9ns, mas, logo depois, o menino foi morto com um tiro de rev\u00f3lver na frente de todos, inclusive das crian\u00e7as.<\/p>\n\n\n\n<p><br>Segundo a pol\u00edcia, o suspeito \u00e9 Pedro Vin\u00edcius de Souza Pedidor, de 21 anos, que entrou na casa da fam\u00edlia com outros convidados. A pol\u00edcia investiga se a arma que estava com o suspeito teria disparado acidentalmente.<\/p>\n\n\n\n<p><br>At\u00e9 o momento, o crime tem tr\u00eas vers\u00f5es de acordo com as investiga\u00e7\u00f5es. O autor do disparo contou na delegacia que o tiro foi acidental, que a arma caiu no ch\u00e3o e que a bala atingiu o menino. A m\u00e3e de Enzo disse que ouviu uma discuss\u00e3o de Pedro Vin\u00edcius com as crian\u00e7as e que logo depois ouviu o barulho do tiro.<\/p>\n\n\n\n<p><br>J\u00e1 o pai da crian\u00e7a contou uma hist\u00f3ria diferente. Ele disse que o suspeito abra\u00e7ou o menino e depois disparou. <\/p>\n\n\n\n<p>&#8220;Simplesmente, ele abra\u00e7ou o meu filho e deu um tiro, no peito dele, assim, desse jeito, gente. Desse jeito. Depois do que aconteceu, a minha esposa botou o meu filho no carro com a irm\u00e3 dele, levaram pro hospital e eu fiquei aqui. Eu fiquei aqui perguntando ao rapaz o que voc\u00ea fez? O que voc\u00ea fez com o meu filho, cara?&#8221;, contou.<\/p>\n\n\n\n<p><br>Pedro Vin\u00edcius de Souza Pedidor, por enquanto, responde por porte ilegal de arma e homic\u00eddio culposo &#8211; sem inten\u00e7\u00e3o de matar.<\/p>\n\n\n\n<p><br><strong>Mat\u00e9ria do G1- RJ<\/strong><\/p>\n","protected":false},"excerpt":{"rendered":"<p>Mag\u00e9 RJ &#8211;\u00a0Um menino morreu ap\u00f3s ser baleado durante sua festa de anivers\u00e1rio no \u00faltimo fim de semana, em Piabet\u00e1, na Baixada Fluminense. Enzo, de&hellip; <\/p>\n","protected":false},"author":1,"featured_media":173462,"comment_status":"closed","ping_status":"closed","sticky":false,"template":"","format":"standard","meta":{"sfsi_plus_gutenberg_text_before_share":"","sfsi_plus_gutenberg_show_text_before_share":"","sfsi_plus_gutenberg_icon_type":"","sfsi_plus_gutenberg_icon_alignemt":"","sfsi_plus_gutenburg_max_per_row":"","footnotes":""},"categories":[50,12],"tags":[],"class_list":["post-173461","post","type-post","status-publish","format-standard","has-post-thumbnail","hentry","category-destaque","category-policia"],"_links":{"self":[{"href":"https:\/\/www.caririemacao.com\/1\/wp-json\/wp\/v2\/posts\/173461","targetHints":{"allow":["GET"]}}],"collection":[{"href":"https:\/\/www.caririemacao.com\/1\/wp-json\/wp\/v2\/posts"}],"about":[{"href":"https:\/\/www.caririemacao.com\/1\/wp-json\/wp\/v2\/types\/post"}],"author":[{"embeddable":true,"href":"https:\/\/www.caririemacao.com\/1\/wp-json\/wp\/v2\/users\/1"}],"replies":[{"embeddable":true,"href":"https:\/\/www.caririemacao.com\/1\/wp-json\/wp\/v2\/comments?post=173461"}],"version-history":[{"count":1,"href":"https:\/\/www.caririemacao.com\/1\/wp-json\/wp\/v2\/posts\/173461\/revisions"}],"predecessor-version":[{"id":173463,"href":"https:\/\/www.caririemacao.com\/1\/wp-json\/wp\/v2\/posts\/173461\/revisions\/173463"}],"wp:featuredmedia":[{"embeddable":true,"href":"https:\/\/www.caririemacao.com\/1\/wp-json\/wp\/v2\/media\/173462"}],"wp:attachment":[{"href":"https:\/\/www.caririemacao.com\/1\/wp-json\/wp\/v2\/media?parent=173461"}],"wp:term":[{"taxonomy":"category","embeddable":true,"href":"https:\/\/www.caririemacao.com\/1\/wp-json\/wp\/v2\/categories?post=173461"},{"taxonomy":"post_tag","embeddable":true,"href":"https:\/\/www.caririemacao.com\/1\/wp-json\/wp\/v2\/tags?post=173461"}],"curies":[{"name":"wp","href":"https:\/\/api.w.org\/{rel}","templated":true}]}}