{"id":173464,"date":"2020-06-09T12:54:46","date_gmt":"2020-06-09T15:54:46","guid":{"rendered":"https:\/\/www.caririemacao.com\/1\/?p=173464"},"modified":"2020-06-09T12:54:46","modified_gmt":"2020-06-09T15:54:46","slug":"boletim-ouro-velho-segue-sem-nenhum-um-caso-da-covid-19-no-municipio","status":"publish","type":"post","link":"https:\/\/www.caririemacao.com\/1\/2020\/06\/09\/boletim-ouro-velho-segue-sem-nenhum-um-caso-da-covid-19-no-municipio\/","title":{"rendered":"Boletim: Ouro Velho segue sem nenhum um caso da Covid-19 no munic\u00edpio"},"content":{"rendered":"\n<p>A Prefeitura Municipal de Ouro Velho, atrav\u00e9s da Secretaria de Sa\u00fade, atualizou nesta segunda-feira (08), dados sobre situa\u00e7\u00e3o epidemiol\u00f3gico, e com exame de contraprova em paciente, portanto o munic\u00edpio segue sem nenhum caso confirmado do novo coronav\u00edrus.<\/p>\n\n\n\n<p>Os dados mostra tamb\u00e9m que 08 pessoas est\u00e3o em quarentena domiciliar monitoradas, 93 em monitoramento domiciliar conclu\u00eddo, 01 pessoa em investiga\u00e7\u00e3o, 20 casos descartados, 01 contraprova sorol\u00f3gico quantitativo, 01 caso descartado SWAB, 18 casos descartados em testes r\u00e1pidos ap\u00f3s 10 dias, 0(zero) confirmado, 0(zero)recuperado e 0(zero) \u00f3bito na cidade.<\/p>\n\n\n\n<p>O Estado da Para\u00edba mostra dados de 20.951 casos confirmados e 507 mortes.<\/p>\n\n\n\n<p><strong>Medidas preventivas<\/strong><\/p>\n\n\n\n<p>Para evitar a propaga\u00e7\u00e3o do v\u00edrus, a Secretaria Municipal de Sa\u00fade(SMS), recomenda algumas medidas b\u00e1sicas de higiene, como lavar as m\u00e3os com frequ\u00eancia at\u00e9 os punhos com \u00e1gua e sab\u00e3o ou utilizar o \u00e1lcool em gel 70% para higieniz\u00e1-las, o uso obrigat\u00f3rio de m\u00e1scaras de prote\u00e7\u00e3o que pode ser descart\u00e1veis ou tecidos.<\/p>\n\n\n\n<p>Vale ressaltar que \u00e9 fundamental manter uma dist\u00e2ncia segura de qualquer pessoa, evitando aglomera\u00e7\u00f5es e contatos f\u00edsicos, como abra\u00e7os, beijos e apertos de m\u00e3o. Por isso, se poss\u00edvel, fique em casa.<\/p>\n","protected":false},"excerpt":{"rendered":"<p>A Prefeitura Municipal de Ouro Velho, atrav\u00e9s da Secretaria de Sa\u00fade, atualizou nesta segunda-feira (08), dados sobre situa\u00e7\u00e3o epidemiol\u00f3gico, e com exame de contraprova em&hellip; <\/p>\n","protected":false},"author":1,"featured_media":173465,"comment_status":"closed","ping_status":"closed","sticky":false,"template":"","format":"standard","meta":{"sfsi_plus_gutenberg_text_before_share":"","sfsi_plus_gutenberg_show_text_before_share":"","sfsi_plus_gutenberg_icon_type":"","sfsi_plus_gutenberg_icon_alignemt":"","sfsi_plus_gutenburg_max_per_row":"","footnotes":""},"categories":[6,16],"tags":[],"class_list":["post-173464","post","type-post","status-publish","format-standard","has-post-thumbnail","hentry","category-cidades","category-saude"],"_links":{"self":[{"href":"https:\/\/www.caririemacao.com\/1\/wp-json\/wp\/v2\/posts\/173464","targetHints":{"allow":["GET"]}}],"collection":[{"href":"https:\/\/www.caririemacao.com\/1\/wp-json\/wp\/v2\/posts"}],"about":[{"href":"https:\/\/www.caririemacao.com\/1\/wp-json\/wp\/v2\/types\/post"}],"author":[{"embeddable":true,"href":"https:\/\/www.caririemacao.com\/1\/wp-json\/wp\/v2\/users\/1"}],"replies":[{"embeddable":true,"href":"https:\/\/www.caririemacao.com\/1\/wp-json\/wp\/v2\/comments?post=173464"}],"version-history":[{"count":1,"href":"https:\/\/www.caririemacao.com\/1\/wp-json\/wp\/v2\/posts\/173464\/revisions"}],"predecessor-version":[{"id":173466,"href":"https:\/\/www.caririemacao.com\/1\/wp-json\/wp\/v2\/posts\/173464\/revisions\/173466"}],"wp:featuredmedia":[{"embeddable":true,"href":"https:\/\/www.caririemacao.com\/1\/wp-json\/wp\/v2\/media\/173465"}],"wp:attachment":[{"href":"https:\/\/www.caririemacao.com\/1\/wp-json\/wp\/v2\/media?parent=173464"}],"wp:term":[{"taxonomy":"category","embeddable":true,"href":"https:\/\/www.caririemacao.com\/1\/wp-json\/wp\/v2\/categories?post=173464"},{"taxonomy":"post_tag","embeddable":true,"href":"https:\/\/www.caririemacao.com\/1\/wp-json\/wp\/v2\/tags?post=173464"}],"curies":[{"name":"wp","href":"https:\/\/api.w.org\/{rel}","templated":true}]}}