{"id":173467,"date":"2020-06-09T12:56:24","date_gmt":"2020-06-09T15:56:24","guid":{"rendered":"https:\/\/www.caririemacao.com\/1\/?p=173467"},"modified":"2020-06-09T12:56:24","modified_gmt":"2020-06-09T15:56:24","slug":"municipio-de-parari-confirma-primeiro-caso-de-covid-19","status":"publish","type":"post","link":"https:\/\/www.caririemacao.com\/1\/2020\/06\/09\/municipio-de-parari-confirma-primeiro-caso-de-covid-19\/","title":{"rendered":"Munic\u00edpio de Parari confirma primeiro caso de Covid-19"},"content":{"rendered":"\n<p>O estado Para\u00edba que tamb\u00e9m foi fortemente atingido pelo novo Coronav\u00edrus (Covid-19) conta atualmente com mais de 200 cidades onde existem casos confirmados. Poucos s\u00e3o os munic\u00edpios que ainda n\u00e3o apontaram nenhum registro.<\/p>\n\n\n\n<p>A cidade de Parari no cariri paraibano foi uma das \u00faltimas cidades do estado a registrar o seu primeiro caso. O registro foi feito na manh\u00e3 desta ter\u00e7a-feira (09) onde um paciente do sexo masculino de 30 anos de idade testou positivo para o v\u00edrus.<\/p>\n\n\n\n<p>A Secret\u00e1ria de Sa\u00fade do munic\u00edpio, Veronica Costa, confirmou o primeiro caso, mas tranquilizou a toda popula\u00e7\u00e3o que o infectado j\u00e1 se encontrava em isolamento h\u00e1 v\u00e1rios dias. Ele passa bem, teve apenas dor de cabe\u00e7a e perda do olfato e paladar e vem sendo acompanhado pela equipe de Sa\u00fade.<\/p>\n\n\n\n<p>De acordo com a secret\u00e1ria, o servi\u00e7o de sa\u00fade tamb\u00e9m ir\u00e1 acompanhar familiares e pessoas pr\u00f3ximas ao jovem.<\/p>\n\n\n\n<p>A Prefeitura de Parari pede a toda popula\u00e7\u00e3o da cidade que respeite o isolamento social e as regras estipuladas pelos poderes p\u00fablicos.<\/p>\n\n\n\n<p><strong>De Olho no Cariri<\/strong><\/p>\n\n\n\n<p><em>Para\u00edba Mix<\/em><\/p>\n","protected":false},"excerpt":{"rendered":"<p>O estado Para\u00edba que tamb\u00e9m foi fortemente atingido pelo novo Coronav\u00edrus (Covid-19) conta atualmente com mais de 200 cidades onde existem casos confirmados. Poucos s\u00e3o&hellip; <\/p>\n","protected":false},"author":1,"featured_media":173468,"comment_status":"closed","ping_status":"closed","sticky":false,"template":"","format":"standard","meta":{"sfsi_plus_gutenberg_text_before_share":"","sfsi_plus_gutenberg_show_text_before_share":"","sfsi_plus_gutenberg_icon_type":"","sfsi_plus_gutenberg_icon_alignemt":"","sfsi_plus_gutenburg_max_per_row":"","footnotes":""},"categories":[6,16],"tags":[],"class_list":["post-173467","post","type-post","status-publish","format-standard","has-post-thumbnail","hentry","category-cidades","category-saude"],"_links":{"self":[{"href":"https:\/\/www.caririemacao.com\/1\/wp-json\/wp\/v2\/posts\/173467","targetHints":{"allow":["GET"]}}],"collection":[{"href":"https:\/\/www.caririemacao.com\/1\/wp-json\/wp\/v2\/posts"}],"about":[{"href":"https:\/\/www.caririemacao.com\/1\/wp-json\/wp\/v2\/types\/post"}],"author":[{"embeddable":true,"href":"https:\/\/www.caririemacao.com\/1\/wp-json\/wp\/v2\/users\/1"}],"replies":[{"embeddable":true,"href":"https:\/\/www.caririemacao.com\/1\/wp-json\/wp\/v2\/comments?post=173467"}],"version-history":[{"count":1,"href":"https:\/\/www.caririemacao.com\/1\/wp-json\/wp\/v2\/posts\/173467\/revisions"}],"predecessor-version":[{"id":173470,"href":"https:\/\/www.caririemacao.com\/1\/wp-json\/wp\/v2\/posts\/173467\/revisions\/173470"}],"wp:featuredmedia":[{"embeddable":true,"href":"https:\/\/www.caririemacao.com\/1\/wp-json\/wp\/v2\/media\/173468"}],"wp:attachment":[{"href":"https:\/\/www.caririemacao.com\/1\/wp-json\/wp\/v2\/media?parent=173467"}],"wp:term":[{"taxonomy":"category","embeddable":true,"href":"https:\/\/www.caririemacao.com\/1\/wp-json\/wp\/v2\/categories?post=173467"},{"taxonomy":"post_tag","embeddable":true,"href":"https:\/\/www.caririemacao.com\/1\/wp-json\/wp\/v2\/tags?post=173467"}],"curies":[{"name":"wp","href":"https:\/\/api.w.org\/{rel}","templated":true}]}}