{"id":173469,"date":"2020-06-09T12:57:20","date_gmt":"2020-06-09T15:57:20","guid":{"rendered":"https:\/\/www.caririemacao.com\/1\/?p=173469"},"modified":"2020-06-09T12:57:20","modified_gmt":"2020-06-09T15:57:20","slug":"covid-19-amparo-registra-todos-os-casos-recuperados","status":"publish","type":"post","link":"https:\/\/www.caririemacao.com\/1\/2020\/06\/09\/covid-19-amparo-registra-todos-os-casos-recuperados\/","title":{"rendered":"COVID 19: Amparo registra todos os casos recuperados"},"content":{"rendered":"\n<h1 class=\"wp-block-heading\"><\/h1>\n\n\n\n<p>A Secretaria de Sa\u00fade de Amparo divulgou nesta segunda-feira (08), o boletim do coronav\u00edrus, nenhum novo caso foi confirmado nas \u00faltimas 24 horas.<\/p>\n\n\n\n<p>A boa not\u00edcia \u00e9 que todos os 12 casos confirmados anteriormente est\u00e3o curados, o munic\u00edpio tem 46 casos descartados e 2 casos em investiga\u00e7\u00e3o.<\/p>\n\n\n\n<p>A Secretaria de Sa\u00fade refor\u00e7a a import\u00e2ncia do Isolamento Social, manter o distanciamento, como tamb\u00e9m, o uso obrigat\u00f3rio de m\u00e1scaras de acordo com o Decreto Estadual e Municipal.<\/p>\n","protected":false},"excerpt":{"rendered":"<p>A Secretaria de Sa\u00fade de Amparo divulgou nesta segunda-feira (08), o boletim do coronav\u00edrus, nenhum novo caso foi confirmado nas \u00faltimas 24 horas. A boa&hellip; <\/p>\n","protected":false},"author":2,"featured_media":173471,"comment_status":"closed","ping_status":"closed","sticky":false,"template":"","format":"standard","meta":{"sfsi_plus_gutenberg_text_before_share":"","sfsi_plus_gutenberg_show_text_before_share":"","sfsi_plus_gutenberg_icon_type":"","sfsi_plus_gutenberg_icon_alignemt":"","sfsi_plus_gutenburg_max_per_row":"","footnotes":""},"categories":[2],"tags":[],"class_list":["post-173469","post","type-post","status-publish","format-standard","has-post-thumbnail","hentry","category-geral"],"_links":{"self":[{"href":"https:\/\/www.caririemacao.com\/1\/wp-json\/wp\/v2\/posts\/173469","targetHints":{"allow":["GET"]}}],"collection":[{"href":"https:\/\/www.caririemacao.com\/1\/wp-json\/wp\/v2\/posts"}],"about":[{"href":"https:\/\/www.caririemacao.com\/1\/wp-json\/wp\/v2\/types\/post"}],"author":[{"embeddable":true,"href":"https:\/\/www.caririemacao.com\/1\/wp-json\/wp\/v2\/users\/2"}],"replies":[{"embeddable":true,"href":"https:\/\/www.caririemacao.com\/1\/wp-json\/wp\/v2\/comments?post=173469"}],"version-history":[{"count":1,"href":"https:\/\/www.caririemacao.com\/1\/wp-json\/wp\/v2\/posts\/173469\/revisions"}],"predecessor-version":[{"id":173472,"href":"https:\/\/www.caririemacao.com\/1\/wp-json\/wp\/v2\/posts\/173469\/revisions\/173472"}],"wp:featuredmedia":[{"embeddable":true,"href":"https:\/\/www.caririemacao.com\/1\/wp-json\/wp\/v2\/media\/173471"}],"wp:attachment":[{"href":"https:\/\/www.caririemacao.com\/1\/wp-json\/wp\/v2\/media?parent=173469"}],"wp:term":[{"taxonomy":"category","embeddable":true,"href":"https:\/\/www.caririemacao.com\/1\/wp-json\/wp\/v2\/categories?post=173469"},{"taxonomy":"post_tag","embeddable":true,"href":"https:\/\/www.caririemacao.com\/1\/wp-json\/wp\/v2\/tags?post=173469"}],"curies":[{"name":"wp","href":"https:\/\/api.w.org\/{rel}","templated":true}]}}