{"id":173474,"date":"2020-06-09T13:00:14","date_gmt":"2020-06-09T16:00:14","guid":{"rendered":"https:\/\/www.caririemacao.com\/1\/?p=173474"},"modified":"2020-06-09T13:00:14","modified_gmt":"2020-06-09T16:00:14","slug":"nao-e-sobrenome-que-determina-qualidade-de-gestao-e-nosso-grupo-fez-e-faz-muito-por-sume-diz-eden-duarte","status":"publish","type":"post","link":"https:\/\/www.caririemacao.com\/1\/2020\/06\/09\/nao-e-sobrenome-que-determina-qualidade-de-gestao-e-nosso-grupo-fez-e-faz-muito-por-sume-diz-eden-duarte\/","title":{"rendered":"\u201cN\u00e3o \u00e9 sobrenome que determina qualidade de gest\u00e3o e nosso grupo fez e faz muito por Sum\u00e9\u201d, diz \u00c9den Duarte"},"content":{"rendered":"\n<h1 class=\"wp-block-heading\"><\/h1>\n\n\n\n<hr class=\"wp-block-separator\"\/>\n\n\n\n<p>O prefeito de Sum\u00e9, \u00c9den Duarte, foi o segundo entrevistado do programa Conex\u00e3o, uma iniciativa dos portais De Olho no Cariri e Para\u00edba Mix e que est\u00e1 se consolidando como o melhor programa de sabatinas do Cariri. \u00c9den falou sobre v\u00e1rios temas, mas foi na \u00e1rea pol\u00edtica que deu as principais declara\u00e7\u00f5es.<\/p>\n\n\n\n<p>Num questionamento feito pela radialista Jacqueline Oliveira sobre a sucess\u00e3o de mandatos da fam\u00edlia Duarte, \u00c9den disparou: \u201cCom todo respeito Jacqueline, mas se deve pensar em sobrenome e mandatos sequenciais de um mesmo grupo se este n\u00e3o tiver fazendo bem a cidade. Se eu fosse um Silva, um Oliveira, um Pereira, o que importava? O que importa mesmo \u00e9 o que fa\u00e7o ou deixo de fazer e \u00e9 ineg\u00e1vel as contribui\u00e7\u00f5es que Dr. Neto deixou para Sum\u00e9, por exemplo. Nossa gest\u00e3o tem avan\u00e7ado em v\u00e1rios aspectos e \u00e9 a popula\u00e7\u00e3o que tem reconhecido isso. N\u00e3o avalio que seja sobrenome o fator definidor de uma boa candidatura a prefeito\u201d, pontuou.<\/p>\n\n\n\n<p>\u00c9den Duarte ainda respondeu a questionamentos do jornalista Klebson Wanderley sobre o papel da oposi\u00e7\u00e3o em seu governo e disse ainda em resposta a Klebson, que Dr. Neto n\u00e3o ser\u00e1 candidato nas elei\u00e7\u00f5es deste ano.<\/p>\n\n\n\n<p>\u00c9den falou ainda sobre poss\u00edveis nomes para vice na sua chapa e respondeu ao jornalista Fred Menezes, que esta era uma preocupa\u00e7\u00e3o perif\u00e9rica, j\u00e1 que seu grupo tinha nomes de sobra com compet\u00eancia para a fun\u00e7\u00e3o. O prefeito de Sum\u00e9 ainda falou que n\u00e3o tinha medo de enfrentar a oposi\u00e7\u00e3o nas urnas, nem nos debates, e disse a J\u00fanior Queiroz que cada elei\u00e7\u00e3o tem uma hist\u00f3ria e neste ano a popula\u00e7\u00e3o vai avaliar friamente a qualidade de quem est\u00e1 fazendo e do que est\u00e1 promovendo, comparando com quem se apresenta como op\u00e7\u00e3o governar os destinos de Sum\u00e9.<\/p>\n","protected":false},"excerpt":{"rendered":"<p>O prefeito de Sum\u00e9, \u00c9den Duarte, foi o segundo entrevistado do programa Conex\u00e3o, uma iniciativa dos portais De Olho no Cariri e Para\u00edba Mix e&hellip; <\/p>\n","protected":false},"author":2,"featured_media":165099,"comment_status":"closed","ping_status":"closed","sticky":false,"template":"","format":"standard","meta":{"sfsi_plus_gutenberg_text_before_share":"","sfsi_plus_gutenberg_show_text_before_share":"","sfsi_plus_gutenberg_icon_type":"","sfsi_plus_gutenberg_icon_alignemt":"","sfsi_plus_gutenburg_max_per_row":"","footnotes":""},"categories":[2],"tags":[],"class_list":["post-173474","post","type-post","status-publish","format-standard","has-post-thumbnail","hentry","category-geral"],"_links":{"self":[{"href":"https:\/\/www.caririemacao.com\/1\/wp-json\/wp\/v2\/posts\/173474","targetHints":{"allow":["GET"]}}],"collection":[{"href":"https:\/\/www.caririemacao.com\/1\/wp-json\/wp\/v2\/posts"}],"about":[{"href":"https:\/\/www.caririemacao.com\/1\/wp-json\/wp\/v2\/types\/post"}],"author":[{"embeddable":true,"href":"https:\/\/www.caririemacao.com\/1\/wp-json\/wp\/v2\/users\/2"}],"replies":[{"embeddable":true,"href":"https:\/\/www.caririemacao.com\/1\/wp-json\/wp\/v2\/comments?post=173474"}],"version-history":[{"count":1,"href":"https:\/\/www.caririemacao.com\/1\/wp-json\/wp\/v2\/posts\/173474\/revisions"}],"predecessor-version":[{"id":173475,"href":"https:\/\/www.caririemacao.com\/1\/wp-json\/wp\/v2\/posts\/173474\/revisions\/173475"}],"wp:featuredmedia":[{"embeddable":true,"href":"https:\/\/www.caririemacao.com\/1\/wp-json\/wp\/v2\/media\/165099"}],"wp:attachment":[{"href":"https:\/\/www.caririemacao.com\/1\/wp-json\/wp\/v2\/media?parent=173474"}],"wp:term":[{"taxonomy":"category","embeddable":true,"href":"https:\/\/www.caririemacao.com\/1\/wp-json\/wp\/v2\/categories?post=173474"},{"taxonomy":"post_tag","embeddable":true,"href":"https:\/\/www.caririemacao.com\/1\/wp-json\/wp\/v2\/tags?post=173474"}],"curies":[{"name":"wp","href":"https:\/\/api.w.org\/{rel}","templated":true}]}}