{"id":173481,"date":"2020-06-09T13:08:22","date_gmt":"2020-06-09T16:08:22","guid":{"rendered":"https:\/\/www.caririemacao.com\/1\/?p=173481"},"modified":"2020-06-09T13:08:22","modified_gmt":"2020-06-09T16:08:22","slug":"transmissao-de-covid-19-por-pacientes-sem-sintomas-e-muito-rara-diz-oms","status":"publish","type":"post","link":"https:\/\/www.caririemacao.com\/1\/2020\/06\/09\/transmissao-de-covid-19-por-pacientes-sem-sintomas-e-muito-rara-diz-oms\/","title":{"rendered":"Transmiss\u00e3o de Covid-19 por pacientes sem sintomas \u00e9 \u201cmuito rara\u201d, diz OMS"},"content":{"rendered":"\n<h1 class=\"wp-block-heading\"><\/h1>\n\n\n\n<p>A infectologista e chefe do departamento de doen\u00e7as emergentes da Organiza\u00e7\u00e3o Mundial da Sa\u00fade (OMS), Maria Van Kerkhove, afirmou hoje (8) durante a confer\u00eancia de imprensa di\u00e1ria sobre o novo coronav\u00edrus que a propaga\u00e7\u00e3o de covid-19 a partir de pacientes assintom\u00e1ticos \u00e9 \u201cmuito rara.\u201d<img decoding=\"async\" data-src=\"https:\/\/agenciabrasil.ebc.com.br\/ebc.png?id=1309107&amp;o=node\" src=\"data:image\/svg+xml;base64,PHN2ZyB3aWR0aD0iMSIgaGVpZ2h0PSIxIiB4bWxucz0iaHR0cDovL3d3dy53My5vcmcvMjAwMC9zdmciPjwvc3ZnPg==\" class=\"lazyload\"><\/p>\n\n\n\n<p>Segundo a m\u00e9dica, os dados levantados at\u00e9 agora mostram que pessoas que n\u00e3o apresentam os sintomas da doen\u00e7a possuem pouco&nbsp;potencial infectol\u00f3gico para contaminar indiv\u00edduos saud\u00e1veis. De acordo com a especialista, deve haver esfor\u00e7os dos governos para identificar e isolar pessoas que apresentam sintomas.<\/p>\n\n\n\n<p>\u201cN\u00f3s sabemos que existem pessoas que podem ser genuinamente assintom\u00e1ticas e ter o PCR (teste realizado para detectar a presen\u00e7a do v\u00edrus no organismo) positivo. Esses indiv\u00edduos precisam ser analisados cuidadosamente para entender a transmiss\u00e3o. H\u00e1 pa\u00edses que est\u00e3o fazendo uma an\u00e1lise detalhada desses indiv\u00edduos, e eles n\u00e3o est\u00e3o achando transmiss\u00e3o secund\u00e1ria. \u00c9 muito rara,\u201d, afirmou a m\u00e9dica ao ser questionada por jornalistas.<\/p>\n\n\n\n<p>Ainda segundo Kerkhove, \u00e9 necess\u00e1rio tra\u00e7ar todos os contatos que pessoas que desenvolveram a doen\u00e7a tiveram com outros indiv\u00edduos. A infectologista afirmou ainda que \u00e9 necess\u00e1rio realizar mais estudos para chegar a uma \u201cresposta verdadeira\u201d sobre todas as formas de transmiss\u00e3o do novo coronav\u00edrus.<\/p>\n\n\n\n<p><em>Ag\u00eancia Brasil<\/em><\/p>\n","protected":false},"excerpt":{"rendered":"<p>A infectologista e chefe do departamento de doen\u00e7as emergentes da Organiza\u00e7\u00e3o Mundial da Sa\u00fade (OMS), Maria Van Kerkhove, afirmou hoje (8) durante a confer\u00eancia de&hellip; <\/p>\n","protected":false},"author":2,"featured_media":173482,"comment_status":"closed","ping_status":"closed","sticky":false,"template":"","format":"standard","meta":{"sfsi_plus_gutenberg_text_before_share":"","sfsi_plus_gutenberg_show_text_before_share":"","sfsi_plus_gutenberg_icon_type":"","sfsi_plus_gutenberg_icon_alignemt":"","sfsi_plus_gutenburg_max_per_row":"","footnotes":""},"categories":[2],"tags":[],"class_list":["post-173481","post","type-post","status-publish","format-standard","has-post-thumbnail","hentry","category-geral"],"_links":{"self":[{"href":"https:\/\/www.caririemacao.com\/1\/wp-json\/wp\/v2\/posts\/173481","targetHints":{"allow":["GET"]}}],"collection":[{"href":"https:\/\/www.caririemacao.com\/1\/wp-json\/wp\/v2\/posts"}],"about":[{"href":"https:\/\/www.caririemacao.com\/1\/wp-json\/wp\/v2\/types\/post"}],"author":[{"embeddable":true,"href":"https:\/\/www.caririemacao.com\/1\/wp-json\/wp\/v2\/users\/2"}],"replies":[{"embeddable":true,"href":"https:\/\/www.caririemacao.com\/1\/wp-json\/wp\/v2\/comments?post=173481"}],"version-history":[{"count":1,"href":"https:\/\/www.caririemacao.com\/1\/wp-json\/wp\/v2\/posts\/173481\/revisions"}],"predecessor-version":[{"id":173483,"href":"https:\/\/www.caririemacao.com\/1\/wp-json\/wp\/v2\/posts\/173481\/revisions\/173483"}],"wp:featuredmedia":[{"embeddable":true,"href":"https:\/\/www.caririemacao.com\/1\/wp-json\/wp\/v2\/media\/173482"}],"wp:attachment":[{"href":"https:\/\/www.caririemacao.com\/1\/wp-json\/wp\/v2\/media?parent=173481"}],"wp:term":[{"taxonomy":"category","embeddable":true,"href":"https:\/\/www.caririemacao.com\/1\/wp-json\/wp\/v2\/categories?post=173481"},{"taxonomy":"post_tag","embeddable":true,"href":"https:\/\/www.caririemacao.com\/1\/wp-json\/wp\/v2\/tags?post=173481"}],"curies":[{"name":"wp","href":"https:\/\/api.w.org\/{rel}","templated":true}]}}