{"id":173485,"date":"2020-06-09T13:12:24","date_gmt":"2020-06-09T16:12:24","guid":{"rendered":"https:\/\/www.caririemacao.com\/1\/?p=173485"},"modified":"2020-06-09T13:12:24","modified_gmt":"2020-06-09T16:12:24","slug":"bolsonaro-explora-dado-nao-conclusivo-da-oms-para-defender-flexibilizacao-da-quarentena","status":"publish","type":"post","link":"https:\/\/www.caririemacao.com\/1\/2020\/06\/09\/bolsonaro-explora-dado-nao-conclusivo-da-oms-para-defender-flexibilizacao-da-quarentena\/","title":{"rendered":"Bolsonaro explora dado n\u00e3o conclusivo da OMS para defender flexibiliza\u00e7\u00e3o da quarentena"},"content":{"rendered":"\n<h1 class=\"wp-block-heading\"><\/h1>\n\n\n\n<p>Em reuni\u00e3o ministerial, o presidente, que costuma fazer cr\u00edticas \u00e0 OMS (Organiza\u00e7\u00e3o Mundial de Sa\u00fade), citou declara\u00e7\u00e3o n\u00e3o conclusiva feita pela chefe do programa de emerg\u00eancias da entidade mundial para pregar a retomada da atividade econ\u00f4mica.<\/p>\n\n\n\n<p>Na segunda-feira (8), a epidemiologista Maria van Kerkhove afirmou que a transmiss\u00e3o da doen\u00e7a por pacientes sem sintomas parece ser rara. A declara\u00e7\u00e3o foi baseada em um estudo de pequeno porte e n\u00e3o alterou a recomenda\u00e7\u00e3o do \u00f3rg\u00e3o de sa\u00fade de manter o isolamento social.<\/p>\n\n\n\n<p>A epideomologista ressaltou que \u00e9 preciso diferenciar assintom\u00e1ticos de pr\u00e9-sintom\u00e1ticos. E afirmou que a conten\u00e7\u00e3o do coronav\u00edrus pode ser mais r\u00e1pida com a identifica\u00e7\u00e3o e o isolamentos dos casos sintom\u00e1ticos.<\/p>\n\n\n\n<p>O Brasil, no entanto, realiza poucos testes para a doen\u00e7a em compara\u00e7\u00e3o a outros pa\u00edses.<\/p>\n\n\n\n<p>&#8220;Esse p\u00e2nico que foi pregado l\u00e1 atr\u00e1s por parte da grande m\u00eddia come\u00e7a talvez a se dissipar levando em conta o que a OMS falou por parte do contagio dos assintom\u00e1ticos&#8221;, disse Bolsonaro.<\/p>\n\n\n\n<p>Na reuni\u00e3o desta ter\u00e7a-feira (9), que foi pela primeira vez televisionada, o presidente disse ainda que a declara\u00e7\u00e3o da chefe do programa de emerg\u00eancias ir\u00e1 abreviar pol\u00edticas de conten\u00e7\u00e3o no Brasil, como o isolamento e o lockdown.<\/p>\n\n\n\n<p>&#8220;Quem sabe, ap\u00f3s essa declara\u00e7\u00e3o, poderemos voltar \u00e0 normalidade que t\u00ednhamos no come\u00e7o deste ano&#8221;, ressaltou.<\/p>\n\n\n\n<p>O presidente voltou a defender a utiliza\u00e7\u00e3o da hidroxicoloroquina para o tratamento do coronav\u00edrus, mas ressaltou que, apesar dos relatos positivos da classe m\u00e9dica, a subst\u00e2ncia ainda n\u00e3o tem a sua efic\u00e1cia comprovada.<\/p>\n\n\n\n<p>&#8220;Muitos pa\u00edses usando a cloroquina e vidas est\u00e3o sendo salvas com esse comprimido, mesmo sabendo que a sua efic\u00e1cia ainda n\u00e3o est\u00e1 comprovada&#8221;, disse.<\/p>\n\n\n\n<p>Apesar de Bolsonaro ter explorado um dado n\u00e3o conclusivo da OMS, o ministro de Rela\u00e7\u00f5es Exteriores, Ernesto Ara\u00fajo, criticou a entidade mundial durante a reuni\u00e3o.<br>Segundo ele, falta transpar\u00eancia, independ\u00eancia e coer\u00eancia nos posicionamentos e orienta\u00e7\u00f5es do \u00f3rg\u00e3o de sa\u00fade. O ministro ressaltou que a OMS n\u00e3o tem sido clara, por exemplo, nos dados sobre a origem do v\u00edrus e cont\u00e1gio por humanos.<\/p>\n\n\n\n<p>&#8220;Esse \u00e9 um problema sist\u00eamico, n\u00e3o \u00e9 um problema acidental. O porqu\u00ea temos de examinar se \u00e9 uma quest\u00e3o de influ\u00eancia pol\u00edtica, influ\u00eancia de atores n\u00e3o estatais ou m\u00e9todos de transpar\u00eancia&#8221;, disse.<\/p>\n\n\n\n<p>Ara\u00fajo afirmou que o Brasil apoia proposta da Austr\u00e1lia e da Uni\u00e3o Europeia de promover uma investiga\u00e7\u00e3o independente sobre a origem do coronav\u00edrus.<\/p>\n\n\n\n<p>O Brasil registrou na segunda-feira (8) 849 novas mortes e 19.631 novos casos de Covid-19. Ao todo, 37.312 brasileiros perderam a vida para a doen\u00e7a e 710.887 foram infectados.<\/p>\n\n\n\n<p>Os dados s\u00e3o fruto de uma colabora\u00e7\u00e3o in\u00e9dita entre O Estado de S. Paulo, Extra, Folha, O Globo, G1 e UOL para reunir e informar n\u00fameros sobre o novo coronav\u00edrus.As informa\u00e7\u00f5es s\u00e3o coletadas com as Secretarias de Sa\u00fade, e o balan\u00e7o \u00e9 fechado \u00e0s 20h de cada dia.<\/p>\n\n\n\n<p>A doen\u00e7a mata mais de um brasileiro por minuto e faz mais v\u00edtimas que doen\u00e7as card\u00edacas, c\u00e2ncer, acidentes de tr\u00e2nsito e homic\u00eddios.<\/p>\n\n\n\n<p>Diferentemente dos demais pa\u00edses com grande n\u00famero de casos, o Brasil ainda n\u00e3o come\u00e7ou a achatar a curva de dissemina\u00e7\u00e3o da doen\u00e7a. Com a flexibiliza\u00e7\u00e3o de medidas de isolamento social, o que vem sendo adotado por boa parte dos governadores, \u00e9 poss\u00edvel que o \u00edndice de contamina\u00e7\u00e3o cres\u00e7a.<\/p>\n\n\n\n<p>Em n\u00famero total de casos, o Brasil fica atr\u00e1s apenas dos Estados Unidos.<\/p>\n","protected":false},"excerpt":{"rendered":"<p>Em reuni\u00e3o ministerial, o presidente, que costuma fazer cr\u00edticas \u00e0 OMS (Organiza\u00e7\u00e3o Mundial de Sa\u00fade), citou declara\u00e7\u00e3o n\u00e3o conclusiva feita pela chefe do programa de&hellip; <\/p>\n","protected":false},"author":2,"featured_media":173112,"comment_status":"closed","ping_status":"closed","sticky":false,"template":"","format":"standard","meta":{"sfsi_plus_gutenberg_text_before_share":"","sfsi_plus_gutenberg_show_text_before_share":"","sfsi_plus_gutenberg_icon_type":"","sfsi_plus_gutenberg_icon_alignemt":"","sfsi_plus_gutenburg_max_per_row":"","footnotes":""},"categories":[11],"tags":[],"class_list":["post-173485","post","type-post","status-publish","format-standard","has-post-thumbnail","hentry","category-politica"],"_links":{"self":[{"href":"https:\/\/www.caririemacao.com\/1\/wp-json\/wp\/v2\/posts\/173485","targetHints":{"allow":["GET"]}}],"collection":[{"href":"https:\/\/www.caririemacao.com\/1\/wp-json\/wp\/v2\/posts"}],"about":[{"href":"https:\/\/www.caririemacao.com\/1\/wp-json\/wp\/v2\/types\/post"}],"author":[{"embeddable":true,"href":"https:\/\/www.caririemacao.com\/1\/wp-json\/wp\/v2\/users\/2"}],"replies":[{"embeddable":true,"href":"https:\/\/www.caririemacao.com\/1\/wp-json\/wp\/v2\/comments?post=173485"}],"version-history":[{"count":1,"href":"https:\/\/www.caririemacao.com\/1\/wp-json\/wp\/v2\/posts\/173485\/revisions"}],"predecessor-version":[{"id":173487,"href":"https:\/\/www.caririemacao.com\/1\/wp-json\/wp\/v2\/posts\/173485\/revisions\/173487"}],"wp:featuredmedia":[{"embeddable":true,"href":"https:\/\/www.caririemacao.com\/1\/wp-json\/wp\/v2\/media\/173112"}],"wp:attachment":[{"href":"https:\/\/www.caririemacao.com\/1\/wp-json\/wp\/v2\/media?parent=173485"}],"wp:term":[{"taxonomy":"category","embeddable":true,"href":"https:\/\/www.caririemacao.com\/1\/wp-json\/wp\/v2\/categories?post=173485"},{"taxonomy":"post_tag","embeddable":true,"href":"https:\/\/www.caririemacao.com\/1\/wp-json\/wp\/v2\/tags?post=173485"}],"curies":[{"name":"wp","href":"https:\/\/api.w.org\/{rel}","templated":true}]}}