{"id":173489,"date":"2020-06-09T13:16:41","date_gmt":"2020-06-09T16:16:41","guid":{"rendered":"https:\/\/www.caririemacao.com\/1\/?p=173489"},"modified":"2020-06-09T13:16:41","modified_gmt":"2020-06-09T16:16:41","slug":"prefeitura-de-sao-sebastiao-do-umbuzeiro-realiza-cerca-de-60-exames-de-ultrassonografia-em-parceria-com-o-cisco-junto-a-populacao","status":"publish","type":"post","link":"https:\/\/www.caririemacao.com\/1\/2020\/06\/09\/prefeitura-de-sao-sebastiao-do-umbuzeiro-realiza-cerca-de-60-exames-de-ultrassonografia-em-parceria-com-o-cisco-junto-a-populacao\/","title":{"rendered":"Prefeitura de S\u00e3o Sebasti\u00e3o do Umbuzeiro realiza cerca de 60 exames de ultrassonografia em parceria com o CISCO junto \u00e0 popula\u00e7\u00e3o"},"content":{"rendered":"\n<h3 class=\"wp-block-heading\"><\/h3>\n\n\n\n<figure class=\"wp-block-image\"><a href=\"https:\/\/1.bp.blogspot.com\/-GtMkoiURaPo\/Xt-e7VHQtpI\/AAAAAAAAIMg\/R3v9M1-j50g1T-rD8y8BdFldAwbH0dmXwCLcBGAsYHQ\/s1600\/11.jpg\"><img decoding=\"async\" data-src=\"https:\/\/1.bp.blogspot.com\/-GtMkoiURaPo\/Xt-e7VHQtpI\/AAAAAAAAIMg\/R3v9M1-j50g1T-rD8y8BdFldAwbH0dmXwCLcBGAsYHQ\/s280\/11.jpg\" alt=\"\" src=\"data:image\/svg+xml;base64,PHN2ZyB3aWR0aD0iMSIgaGVpZ2h0PSIxIiB4bWxucz0iaHR0cDovL3d3dy53My5vcmcvMjAwMC9zdmciPjwvc3ZnPg==\" class=\"lazyload\" \/><\/a><\/figure>\n\n\n\n<figure class=\"wp-block-image\"><a href=\"https:\/\/1.bp.blogspot.com\/-tIWQMoIvLnI\/Xt-fOwVmSvI\/AAAAAAAAIMo\/fADgbFO_lXom428aeJBvbYUkarFSc_WzQCLcBGAsYHQ\/s1600\/11.jpg\"><img decoding=\"async\" data-src=\"https:\/\/1.bp.blogspot.com\/-tIWQMoIvLnI\/Xt-fOwVmSvI\/AAAAAAAAIMo\/fADgbFO_lXom428aeJBvbYUkarFSc_WzQCLcBGAsYHQ\/s280\/11.jpg\" alt=\"\" src=\"data:image\/svg+xml;base64,PHN2ZyB3aWR0aD0iMSIgaGVpZ2h0PSIxIiB4bWxucz0iaHR0cDovL3d3dy53My5vcmcvMjAwMC9zdmciPjwvc3ZnPg==\" class=\"lazyload\" \/><\/a><\/figure>\n\n\n\n<figure class=\"wp-block-image\"><img decoding=\"async\" data-src=\"https:\/\/scontent.fcpv1-1.fna.fbcdn.net\/v\/t1.0-9\/s960x960\/103337450_776634762870467_6367571263247238972_o.jpg?_nc_cat=100&amp;_nc_sid=9e2e56&amp;_nc_eui2=AeGSWQri4PsIbqb5XB8R-RWmaIYerB-P_U9ohh6sH4_9T9jusbOLljD_Jilx7ARqOyCnuLYd0kNgJ1T2S7sdIszv&amp;_nc_ohc=vGksWc4RprEAX9f2ukc&amp;_nc_ht=scontent.fcpv1-1.fna&amp;_nc_tp=7&amp;oh=3c287e4a1aa080960353effeb3f2eafc&amp;oe=5F044D4E\" alt=\"A imagem pode conter: uma ou mais pessoas e pessoas sentadas\" src=\"data:image\/svg+xml;base64,PHN2ZyB3aWR0aD0iMSIgaGVpZ2h0PSIxIiB4bWxucz0iaHR0cDovL3d3dy53My5vcmcvMjAwMC9zdmciPjwvc3ZnPg==\" class=\"lazyload\" \/><\/figure>\n\n\n\n<figure class=\"wp-block-image\"><img decoding=\"async\" data-src=\"https:\/\/scontent.fcpv1-1.fna.fbcdn.net\/v\/t1.0-9\/s960x960\/103264982_776634926203784_7884124243340973986_o.jpg?_nc_cat=103&amp;_nc_sid=9e2e56&amp;_nc_eui2=AeHAo5GmwwJigBNBeuOfjbc2v2b1CONoGKi_ZvUI42gYqEiCtLoc6aLbHRHfHFx3512JBq-pEgaz1rgEiukbYa9c&amp;_nc_ohc=N1YFx6H56U0AX9rGuh8&amp;_nc_ht=scontent.fcpv1-1.fna&amp;_nc_tp=7&amp;oh=29d5fb8cf9c687aeff0e830de833889a&amp;oe=5F04456E\" alt=\"A imagem pode conter: uma ou mais pessoas\" src=\"data:image\/svg+xml;base64,PHN2ZyB3aWR0aD0iMSIgaGVpZ2h0PSIxIiB4bWxucz0iaHR0cDovL3d3dy53My5vcmcvMjAwMC9zdmciPjwvc3ZnPg==\" class=\"lazyload\" \/><\/figure>\n\n\n\n<p>Com a vida alterada por causa do risco de contamina\u00e7\u00e3o da COVID-19, as decis\u00f5es para o cuidado com a sa\u00fade t\u00eam sido tomadas dia a dia.<br>Ent\u00e3o em parceria com CISCO, a prefeitura municipal de S\u00e3o Sebasti\u00e3o do Umbuzeiro busca alternativas para manter a assist\u00eancia a sa\u00fade da popula\u00e7\u00e3o s\u00e3osebastianense trazendo alguns servi\u00e7os para o munic\u00edpio,<br>Esta semana, est\u00e1 sendo realizado no munic\u00edpio o servi\u00e7o de USG com o m\u00e9dico Dr. Jo\u00e3o Alves.<br>Acrescentando que todo o atendimento est\u00e1 sendo realizado obedecendo sempre as normas de distanciamento e uso dos EPI&#8217;S de forma adequada.<br>Est\u00e3o sendo realizados cerca de 60 Exames de Ultrassonografia, na Secretaria Municipal de Sa\u00fade.<br><strong>F\u00c1BIO BRITO<\/strong><\/p>\n","protected":false},"excerpt":{"rendered":"<p>Com a vida alterada por causa do risco de contamina\u00e7\u00e3o da COVID-19, as decis\u00f5es para o cuidado com a sa\u00fade t\u00eam sido tomadas dia a&hellip; <\/p>\n","protected":false},"author":2,"featured_media":173490,"comment_status":"closed","ping_status":"closed","sticky":false,"template":"","format":"standard","meta":{"sfsi_plus_gutenberg_text_before_share":"","sfsi_plus_gutenberg_show_text_before_share":"","sfsi_plus_gutenberg_icon_type":"","sfsi_plus_gutenberg_icon_alignemt":"","sfsi_plus_gutenburg_max_per_row":"","footnotes":""},"categories":[2],"tags":[],"class_list":["post-173489","post","type-post","status-publish","format-standard","has-post-thumbnail","hentry","category-geral"],"_links":{"self":[{"href":"https:\/\/www.caririemacao.com\/1\/wp-json\/wp\/v2\/posts\/173489","targetHints":{"allow":["GET"]}}],"collection":[{"href":"https:\/\/www.caririemacao.com\/1\/wp-json\/wp\/v2\/posts"}],"about":[{"href":"https:\/\/www.caririemacao.com\/1\/wp-json\/wp\/v2\/types\/post"}],"author":[{"embeddable":true,"href":"https:\/\/www.caririemacao.com\/1\/wp-json\/wp\/v2\/users\/2"}],"replies":[{"embeddable":true,"href":"https:\/\/www.caririemacao.com\/1\/wp-json\/wp\/v2\/comments?post=173489"}],"version-history":[{"count":1,"href":"https:\/\/www.caririemacao.com\/1\/wp-json\/wp\/v2\/posts\/173489\/revisions"}],"predecessor-version":[{"id":173491,"href":"https:\/\/www.caririemacao.com\/1\/wp-json\/wp\/v2\/posts\/173489\/revisions\/173491"}],"wp:featuredmedia":[{"embeddable":true,"href":"https:\/\/www.caririemacao.com\/1\/wp-json\/wp\/v2\/media\/173490"}],"wp:attachment":[{"href":"https:\/\/www.caririemacao.com\/1\/wp-json\/wp\/v2\/media?parent=173489"}],"wp:term":[{"taxonomy":"category","embeddable":true,"href":"https:\/\/www.caririemacao.com\/1\/wp-json\/wp\/v2\/categories?post=173489"},{"taxonomy":"post_tag","embeddable":true,"href":"https:\/\/www.caririemacao.com\/1\/wp-json\/wp\/v2\/tags?post=173489"}],"curies":[{"name":"wp","href":"https:\/\/api.w.org\/{rel}","templated":true}]}}