{"id":173493,"date":"2020-06-09T13:19:43","date_gmt":"2020-06-09T16:19:43","guid":{"rendered":"https:\/\/www.caririemacao.com\/1\/?p=173493"},"modified":"2020-06-09T13:19:43","modified_gmt":"2020-06-09T16:19:43","slug":"governo-e-municipios-da-paraiba-recebem-primeira-parcela-do-auxilio-do-governo-federal-para-o-combate-a-covid-19","status":"publish","type":"post","link":"https:\/\/www.caririemacao.com\/1\/2020\/06\/09\/governo-e-municipios-da-paraiba-recebem-primeira-parcela-do-auxilio-do-governo-federal-para-o-combate-a-covid-19\/","title":{"rendered":"Governo e munic\u00edpios da Para\u00edba recebem primeira parcela do aux\u00edlio do Governo Federal para o combate \u00e0 covid-19"},"content":{"rendered":"\n<h1 class=\"wp-block-heading\"><\/h1>\n\n\n\n<p>O governo e os munic\u00edpios da Para\u00edba recebem nesta ter\u00e7a-feira (09), a primeira parcela do aux\u00edlio emergencial do Governo Federal para o combate ao Coronav\u00edrus. De acordo com a&nbsp;Secretaria do Tesouro Nacional, ser\u00e3o depositados&nbsp;R$ 15,036 bilh\u00f5es do aux\u00edlio financeiro da Uni\u00e3o aos estados, Distrito Federal e munic\u00edpios.<\/p>\n\n\n\n<p>A&nbsp;<a href=\"https:\/\/www.clickpb.com.br\/paraiba\/paraiba-recebera-r-448-milhoes-do-governo-federal-para-o-combate-covid-19-284383.html\">Para\u00edba receber\u00e1 R$ 448 milh\u00f5es<\/a>. Nessa primeira parcela ser\u00e1 creditado na&nbsp;conta do Fundo de Participa\u00e7\u00e3o do&nbsp;Estado&nbsp;e do Fundo de Participa\u00e7\u00e3o do&nbsp;Munic\u00edpio, R$&nbsp;&nbsp;112 milh\u00f5es.&nbsp;<\/p>\n\n\n\n<p>No total, foram aprovados pelo Congresso Nacional R$ 60 bilh\u00f5es, divididos em quatro parcelas mensais.&nbsp;As pr\u00f3ximas parcelas desse aux\u00edlio ser\u00e3o creditadas em&nbsp;13 de julho,&nbsp;12 de agosto&nbsp;e&nbsp;11 de setembro&nbsp;de 2020.<\/p>\n","protected":false},"excerpt":{"rendered":"<p>O governo e os munic\u00edpios da Para\u00edba recebem nesta ter\u00e7a-feira (09), a primeira parcela do aux\u00edlio emergencial do Governo Federal para o combate ao Coronav\u00edrus.&hellip; <\/p>\n","protected":false},"author":2,"featured_media":173494,"comment_status":"closed","ping_status":"closed","sticky":false,"template":"","format":"standard","meta":{"sfsi_plus_gutenberg_text_before_share":"","sfsi_plus_gutenberg_show_text_before_share":"","sfsi_plus_gutenberg_icon_type":"","sfsi_plus_gutenberg_icon_alignemt":"","sfsi_plus_gutenburg_max_per_row":"","footnotes":""},"categories":[11],"tags":[],"class_list":["post-173493","post","type-post","status-publish","format-standard","has-post-thumbnail","hentry","category-politica"],"_links":{"self":[{"href":"https:\/\/www.caririemacao.com\/1\/wp-json\/wp\/v2\/posts\/173493","targetHints":{"allow":["GET"]}}],"collection":[{"href":"https:\/\/www.caririemacao.com\/1\/wp-json\/wp\/v2\/posts"}],"about":[{"href":"https:\/\/www.caririemacao.com\/1\/wp-json\/wp\/v2\/types\/post"}],"author":[{"embeddable":true,"href":"https:\/\/www.caririemacao.com\/1\/wp-json\/wp\/v2\/users\/2"}],"replies":[{"embeddable":true,"href":"https:\/\/www.caririemacao.com\/1\/wp-json\/wp\/v2\/comments?post=173493"}],"version-history":[{"count":1,"href":"https:\/\/www.caririemacao.com\/1\/wp-json\/wp\/v2\/posts\/173493\/revisions"}],"predecessor-version":[{"id":173495,"href":"https:\/\/www.caririemacao.com\/1\/wp-json\/wp\/v2\/posts\/173493\/revisions\/173495"}],"wp:featuredmedia":[{"embeddable":true,"href":"https:\/\/www.caririemacao.com\/1\/wp-json\/wp\/v2\/media\/173494"}],"wp:attachment":[{"href":"https:\/\/www.caririemacao.com\/1\/wp-json\/wp\/v2\/media?parent=173493"}],"wp:term":[{"taxonomy":"category","embeddable":true,"href":"https:\/\/www.caririemacao.com\/1\/wp-json\/wp\/v2\/categories?post=173493"},{"taxonomy":"post_tag","embeddable":true,"href":"https:\/\/www.caririemacao.com\/1\/wp-json\/wp\/v2\/tags?post=173493"}],"curies":[{"name":"wp","href":"https:\/\/api.w.org\/{rel}","templated":true}]}}