{"id":173506,"date":"2020-06-09T15:00:31","date_gmt":"2020-06-09T18:00:31","guid":{"rendered":"https:\/\/www.caririemacao.com\/1\/?p=173506"},"modified":"2020-06-09T15:00:31","modified_gmt":"2020-06-09T18:00:31","slug":"tristeza-irmaos-morrem-em-um-intervalo-de-48h-vitimas-da-covid-19-no-sertao-central-do-ceara","status":"publish","type":"post","link":"https:\/\/www.caririemacao.com\/1\/2020\/06\/09\/tristeza-irmaos-morrem-em-um-intervalo-de-48h-vitimas-da-covid-19-no-sertao-central-do-ceara\/","title":{"rendered":"Tristeza: Irm\u00e3os morrem em um intervalo de 48h v\u00edtimas da COVID-19, no Sert\u00e3o Central do Cear\u00e1"},"content":{"rendered":"\n<p>A pandemia do novo coronav\u00edrus continua de forma triste e devastadora a destruir fam\u00edlias em todo o mundo. Em Quixad\u00e1, dois irm\u00e3os morreram em um intervalo de 48h v\u00edtimas da doen\u00e7a.<\/p>\n\n\n\n<p>Os irm\u00e3os Ricardo Martins e Jos\u00e9 Erasmo, estavam internados na Unidade de Terapia Intensiva \u2013 UTI, do Hospital Regional do Sert\u00e3o Central, ambos entubados e utilizando ventila\u00e7\u00e3o mec\u00e2nica. Ricardo veio a \u00f3bito na madrugada do \u00faltimo s\u00e1bado (06) e sua morte causou grande tristeza e como\u00e7\u00e3o na cidade de Quixad\u00e1.<\/p>\n\n\n\n<p>J\u00e1 na madrugada desta segunda-feira (08), Jos\u00e9 Erasmo infelizmente tamb\u00e9m acabou vindo a \u00f3bito em decorr\u00eancia da doen\u00e7a. A not\u00edcia da morte de dois irm\u00e3os em menos de 48h, deixou em choque os quixadaenses.<\/p>\n\n\n\n<p>At\u00e9 o \u00faltimo boletim epidemiol\u00f3gico divulgado pela Secretaria de Sa\u00fade do munic\u00edpio de Quixad\u00e1, eram contabilizados 34 \u00f3bitos em decorr\u00eancia do novo coronav\u00edrus.<\/p>\n\n\n\n<p><strong>Fonte desta mat\u00e9ria:&nbsp;&nbsp;<a href=\"http:\/\/www.monolitospost.com\/author\/enquete\/\">Monolitos Post<\/a>&nbsp;&nbsp;<\/strong><\/p>\n","protected":false},"excerpt":{"rendered":"<p>A pandemia do novo coronav\u00edrus continua de forma triste e devastadora a destruir fam\u00edlias em todo o mundo. Em Quixad\u00e1, dois irm\u00e3os morreram em um&hellip; <\/p>\n","protected":false},"author":1,"featured_media":173507,"comment_status":"closed","ping_status":"closed","sticky":false,"template":"","format":"standard","meta":{"sfsi_plus_gutenberg_text_before_share":"","sfsi_plus_gutenberg_show_text_before_share":"","sfsi_plus_gutenberg_icon_type":"","sfsi_plus_gutenberg_icon_alignemt":"","sfsi_plus_gutenburg_max_per_row":"","footnotes":""},"categories":[2],"tags":[],"class_list":["post-173506","post","type-post","status-publish","format-standard","has-post-thumbnail","hentry","category-geral"],"_links":{"self":[{"href":"https:\/\/www.caririemacao.com\/1\/wp-json\/wp\/v2\/posts\/173506","targetHints":{"allow":["GET"]}}],"collection":[{"href":"https:\/\/www.caririemacao.com\/1\/wp-json\/wp\/v2\/posts"}],"about":[{"href":"https:\/\/www.caririemacao.com\/1\/wp-json\/wp\/v2\/types\/post"}],"author":[{"embeddable":true,"href":"https:\/\/www.caririemacao.com\/1\/wp-json\/wp\/v2\/users\/1"}],"replies":[{"embeddable":true,"href":"https:\/\/www.caririemacao.com\/1\/wp-json\/wp\/v2\/comments?post=173506"}],"version-history":[{"count":1,"href":"https:\/\/www.caririemacao.com\/1\/wp-json\/wp\/v2\/posts\/173506\/revisions"}],"predecessor-version":[{"id":173508,"href":"https:\/\/www.caririemacao.com\/1\/wp-json\/wp\/v2\/posts\/173506\/revisions\/173508"}],"wp:featuredmedia":[{"embeddable":true,"href":"https:\/\/www.caririemacao.com\/1\/wp-json\/wp\/v2\/media\/173507"}],"wp:attachment":[{"href":"https:\/\/www.caririemacao.com\/1\/wp-json\/wp\/v2\/media?parent=173506"}],"wp:term":[{"taxonomy":"category","embeddable":true,"href":"https:\/\/www.caririemacao.com\/1\/wp-json\/wp\/v2\/categories?post=173506"},{"taxonomy":"post_tag","embeddable":true,"href":"https:\/\/www.caririemacao.com\/1\/wp-json\/wp\/v2\/tags?post=173506"}],"curies":[{"name":"wp","href":"https:\/\/api.w.org\/{rel}","templated":true}]}}