{"id":173509,"date":"2020-06-09T15:21:22","date_gmt":"2020-06-09T18:21:22","guid":{"rendered":"https:\/\/www.caririemacao.com\/1\/?p=173509"},"modified":"2020-06-09T15:21:22","modified_gmt":"2020-06-09T18:21:22","slug":"oms-diz-estar-absolutamente-convencida-de-que-pessoa-sem-sintoma-transmite-coronavirus","status":"publish","type":"post","link":"https:\/\/www.caririemacao.com\/1\/2020\/06\/09\/oms-diz-estar-absolutamente-convencida-de-que-pessoa-sem-sintoma-transmite-coronavirus\/","title":{"rendered":"OMS diz estar &#8216;absolutamente convencida&#8217; de que pessoa sem sintoma transmite coronav\u00edrus"},"content":{"rendered":"\n<p>A Organiza\u00e7\u00e3o Mundial da Sa\u00fade (OMS) disse nesta ter\u00e7a-feira (9) que\u00a0pessoas assintom\u00e1ticas transmitem coronav\u00edrus\u00a0\u2013 &#8220;a quest\u00e3o \u00e9 saber quanto&#8221;, segundo a entidade. O esclarecimento foi feito um dia depois de a chefe do programa de emerg\u00eancias da entidade,\u00a0Maria van Kerkhove, declarar que parece ser &#8220;rara&#8221; a transmiss\u00e3o da Covid-19 por pacientes sem sintomas da doen\u00e7a.<\/p>\n\n\n\n<blockquote class=\"wp-block-quote is-layout-flow wp-block-quote-is-layout-flow\"><p>&#8220;Estamos absolutamente convencidos de que a transmiss\u00e3o por casos assintom\u00e1ticos est\u00e1 ocorrendo, a quest\u00e3o \u00e9 saber quanto&#8221;, disse nesta ter\u00e7a o diretor de emerg\u00eancias da OMS, Michael Ryan.<\/p><\/blockquote>\n\n\n\n<figure class=\"wp-block-image\"><img decoding=\"async\" data-src=\"https:\/\/s03.video.glbimg.com\/x240\/8613818.jpg\" alt=\"OMS esclarece que assintom\u00e1ticos transmitem coronav\u00edrus: 'a quest\u00e3o \u00e9 saber quanto'\" title=\"OMS esclarece que assintom\u00e1ticos transmitem coronav\u00edrus: 'a quest\u00e3o \u00e9 saber quanto'\" src=\"data:image\/svg+xml;base64,PHN2ZyB3aWR0aD0iMSIgaGVpZ2h0PSIxIiB4bWxucz0iaHR0cDovL3d3dy53My5vcmcvMjAwMC9zdmciPjwvc3ZnPg==\" class=\"lazyload\" \/><\/figure>\n\n\n\n<p>00:00\/03:29<\/p>\n\n\n\n<p>OMS esclarece que assintom\u00e1ticos transmitem coronav\u00edrus: &#8216;a quest\u00e3o \u00e9 saber quanto&#8217;<\/p>\n\n\n\n<p>Kerkhove tamb\u00e9m voltou a se pronunciar nesta ter\u00e7a. Ela disse que recebeu &#8220;muitas mensagens da noite para o dia&#8221; e que achou importante esclarecer o mal-entendido. Tamb\u00e9m explicou que as pesquisas est\u00e3o em andamento.<\/p>\n\n\n\n<p>&#8220;A maioria das transmiss\u00f5es que conhecemos ocorre por pessoas com sintomas que transmitem o v\u00edrus por meio de got\u00edculas infectadas. Mas h\u00e1 um subconjunto de pessoas que n\u00e3o desenvolvem sintomas&#8221;, afirmou.<\/p>\n\n\n\n<p>&#8220;Para realmente entender quantas pessoas n\u00e3o t\u00eam [os sintomas], pois ainda n\u00e3o temos essa resposta, existem algumas estimativas. Elas sugerem que entre 6% e 41% da popula\u00e7\u00e3o podem estar com o v\u00edrus, mas n\u00e3o apresentar os sintomas.&#8221;<\/p>\n\n\n\n<blockquote class=\"wp-block-quote is-layout-flow wp-block-quote-is-layout-flow\"><p>Maria van Kerkhove completou: &#8220;Acho que \u00e9 um mal-entendido afirmar que uma transmiss\u00e3o assintom\u00e1tica globalmente \u00e9 muito rara, sendo que eu estava me referindo a um subconjunto de estudos. Tamb\u00e9m me referi a alguns dados que ainda n\u00e3o foram publicados, e essas s\u00e3o as informa\u00e7\u00f5es que recebemos de nossos Estados-Membros&#8221;.<\/p><\/blockquote>\n\n\n\n<p>Ao analisar o tema nesta segunda-feira, Kerkhove citava dados de pa\u00edses com grande capacidade de testagem e rastreio. Al\u00e9m disso, ela disse que, em alguns casos, quando uma segunda an\u00e1lise dos supostos casos assintom\u00e1ticos \u00e9 feita, descobre-se que os pacientes tiveram, na verdade, leves sintomas da infec\u00e7\u00e3o.<\/p>\n\n\n\n<figure class=\"wp-block-image\"><img decoding=\"async\" data-src=\"https:\/\/s02.video.glbimg.com\/x240\/8613089.jpg\" alt=\"Bi\u00f3logo Atila Iamarino explica declara\u00e7\u00f5es da OMS sobre transmiss\u00e3o da Covid-19\" title=\"Bi\u00f3logo Atila Iamarino explica declara\u00e7\u00f5es da OMS sobre transmiss\u00e3o da Covid-19\" src=\"data:image\/svg+xml;base64,PHN2ZyB3aWR0aD0iMSIgaGVpZ2h0PSIxIiB4bWxucz0iaHR0cDovL3d3dy53My5vcmcvMjAwMC9zdmciPjwvc3ZnPg==\" class=\"lazyload\" \/><\/figure>\n\n\n\n<p>&#8211;:&#8211;\/&#8211;:&#8211;<\/p>\n\n\n\n<p>Bi\u00f3logo Atila Iamarino explica declara\u00e7\u00f5es da OMS sobre transmiss\u00e3o da Covid-19<\/p>\n\n\n\n<p>Em entrevista \u00e0 GloboNews<strong>&nbsp;(assista ao v\u00eddeo acima)<\/strong>, o bi\u00f3logo Atila Iamarino disse que &#8220;\u00e9 uma coloca\u00e7\u00e3o muito infeliz e muito tirada de contexto por parte da OMS&#8221;.<\/p>\n\n\n\n<p>&#8220;A recomenda\u00e7\u00e3o deles de cuidado das pessoas e de distanciamento social continua sendo a mesma. N\u00f3s n\u00e3o sabemos quem vai manifestar ou n\u00e3o os sintomas, quando as pessoas v\u00e3o transmitir o v\u00edrus, por isso todo mundo precisa continuar usando m\u00e1scara e mantendo o distanciamento social&#8221;, disse Iamarino.<\/p>\n\n\n\n<blockquote class=\"wp-block-quote is-layout-flow wp-block-quote-is-layout-flow\"><p>&#8220;Eles [OMS] estavam falando sobre o rastreio de contatos. Que \u00e9 fazer uma coisa que o Brasil tem feito muito pouco, que \u00e9 voc\u00ea ter uma equipe de pessoas dedicadas para quando algu\u00e9m aparece com sintomas no hospital ou em algum teste, voc\u00ea rastrear os contatos dessas pessoas (&#8230;) para ver quem mais tem Covid-19 naquela regi\u00e3o&#8221;<\/p><\/blockquote>\n\n\n\n<blockquote class=\"wp-block-quote is-layout-flow wp-block-quote-is-layout-flow\"><p>&#8220;Nesse sentido, o que a OMS queria dizer com esse pronunciamento \u00e9 que nesse rastreio, o principal cont\u00e1gio, a principal transmiss\u00e3o, que vale a pena ser investigada, \u00e9 a transmiss\u00e3o dos casos sintom\u00e1ticos&#8221;.<\/p><\/blockquote>\n\n\n\n<p>A declara\u00e7\u00e3o da chefe do programa de emerg\u00eancias foi criticada por pesquisadores por ter soado amb\u00edgua. Entre os cr\u00edticos que ajudaram a esclarecer o pronunciamento esteve o diretor do Instituto de Sa\u00fade Global da Universidade de Harvard, Ashish K. Jha.<\/p>\n\n\n\n<p>O pesquisador da universidade norte-americana argumentou no Twitter que infectados que n\u00e3o apresentam sintomas s\u00e3o uma forma importante para a transmiss\u00e3o da Covid-19. Ele explicou que apenas 20% dos infectados n\u00e3o desenvolver\u00e3o nenhum sintoma. Os outros 80% poder\u00e3o desenvolver sintomas leves ou mais duros da doen\u00e7a.<\/p>\n\n\n\n<blockquote class=\"wp-block-quote is-layout-flow wp-block-quote-is-layout-flow\"><p>&#8220;Muitos deles j\u00e1 espalham o v\u00edrus antes de desenvolver sintomas&#8221;, disse Jha. &#8220;Eles s\u00e3o, tecnicamente, pr\u00e9-sintom\u00e1ticos e n\u00e3o assintom\u00e1ticos.&#8221;<\/p><\/blockquote>\n\n\n\n<p>O pesquisador de Harvard ponderou que a OMS diferencia os dois casos e ressaltou que\u00a0h\u00e1 mais casos de indiv\u00edduos pr\u00e9-sintom\u00e1ticos do que de assintom\u00e1ticos.<\/p>\n\n\n\n<h2 class=\"wp-block-heading\">Assintom\u00e1ticos x pr\u00e9-sintom\u00e1ticos<\/h2>\n\n\n\n<p>Uma pessoa com o Sars CoV-2\u00a0assintom\u00e1tica nunca dever\u00e1 desenvolver os sintomas da Covid-19,\u00a0sendo que os mais comuns s\u00e3o febre, tosse e dificuldade para respirar. Um paciente\u00a0pr\u00e9-sintom\u00e1tico tamb\u00e9m est\u00e1 com o v\u00edrus em circula\u00e7\u00e3o no corpo, mas no per\u00edodo de incuba\u00e7\u00e3o, prestes a desenvolver os sintomas\u00a0dentro de alguns dias.<\/p>\n\n\n\n<p>Nat\u00e1lia Pasternak, bi\u00f3loga formada pela Universidade de S\u00e3o Paulo (USP), PhD com p\u00f3s-doutorado em Microbiologia, tamb\u00e9m esclareceu este ponto em coment\u00e1rio. Ela diz que &#8220;assintom\u00e1ticos s\u00e3o aqueles que testam positivo, mas nunca chegam a desenvolver os sintomas. E como sabemos disso? Porque os testamos repetidas vezes, eles continuam positivos, mas sem sintomas&#8221;.<\/p>\n\n\n\n<p>&#8220;Tem tamb\u00e9m aquelas pessoas com sintomas leves, mas que n\u00e3o correlacionam isso com doen\u00e7a, e como sintoma \u00e9 subjetivo, j\u00e1 viu a confus\u00e3o que isso pode causar. Ent\u00e3o, primeiro j\u00e1 fica obvio que n\u00e3o \u00e9 t\u00e3o simples assim determinar quem \u00e9 pr\u00e9-sintom\u00e1tico ou com sintomas muito leves&#8221;.<\/p>\n\n\n\n<blockquote class=\"wp-block-quote is-layout-flow wp-block-quote-is-layout-flow\"><p>&#8220;Outra coisa importante: os pr\u00e9-sintom\u00e1ticos transmitem antes e durante os sintomas, e os sintom\u00e1ticos leves transmitem o tempo todo sem perceber. E os assintom\u00e1ticos? N\u00e3o sabemos!&#8221;, completou.<\/p><\/blockquote>\n\n\n\n<figure class=\"wp-block-image\"><img decoding=\"async\" data-src=\"https:\/\/s02.video.glbimg.com\/x240\/8613313.jpg\" alt=\"Margareth Dalcolmo: \u00b4Atrelar informa\u00e7\u00e3o da OMS a uma abertura generalizada \u00e9 imprudente`\" title=\"Margareth Dalcolmo: \u00b4Atrelar informa\u00e7\u00e3o da OMS a uma abertura generalizada \u00e9 imprudente`\" src=\"data:image\/svg+xml;base64,PHN2ZyB3aWR0aD0iMSIgaGVpZ2h0PSIxIiB4bWxucz0iaHR0cDovL3d3dy53My5vcmcvMjAwMC9zdmciPjwvc3ZnPg==\" class=\"lazyload\" \/><\/figure>\n\n\n\n<p>00:00\/00:52<\/p>\n\n\n\n<p>Margareth Dalcolmo: \u00b4Atrelar informa\u00e7\u00e3o da OMS a uma abertura generalizada \u00e9 imprudente`<\/p>\n\n\n\n<p>A pneumologista e pesquisa da Funda\u00e7\u00e3o Oswaldo Cruz (<a href=\"https:\/\/g1.globo.com\/tudo-sobre\/fiocruz\/\">Fiocruz<\/a>) Margareth Dalcomo tamb\u00e9m falou sobre o assunto em entrevista \u00e0 Globo News (<strong>assista ao v\u00eddeo acima<\/strong>).<\/p>\n\n\n\n<p>&#8220;Atrelar esta informa\u00e7\u00e3o dada hoje pela OMS que pode ser revista daqui a 48 horas, dado que os estudos est\u00e3o sendo feitos, a uma abertura generalizada das coisas, isso \u00e9 imprudente. Muito imprudente. \u00c9 uma interpreta\u00e7\u00e3o que eu diria precipitada, no m\u00ednimo. N\u00e3o pode ser atrelada uma coisa a outra&#8221;, disse a cientista.<\/p>\n\n\n\n<p>Dalcomo diz que uma coisa \u00e9 um &#8220;estudo cient\u00edfico de comunidade, um estudo imunol\u00f3gico que vai estudar grupos de pessoas e vai publicar para que n\u00f3s possamos entender e revisar. Outra coisa \u00e9 fazer disso, uma decis\u00e3o de natureza administrativa&#8221;.<\/p>\n\n\n\n<h2 class=\"wp-block-heading\">Estudos ainda a caminho<\/h2>\n\n\n\n<p>O que Maria van Kerkhove estava tentando explicar era justamente este ponto ainda em estudo, o que ainda n\u00e3o sabemos. Como funciona a transmiss\u00e3o de pacientes que nunca ir\u00e3o desenvolver os sintomas? O ponto importante de entender \u00e9 que&nbsp;<strong>as pessoas com Covid-19 ainda no in\u00edcio da infec\u00e7\u00e3o, em fase pr\u00e9-sintom\u00e1tica, s\u00e3o capazes de passar o v\u00edrus para outras pessoas.<\/strong><\/p>\n\n\n\n<p>Horas depois da declara\u00e7\u00e3o, em seu perfil no Twitter, Kerkhove refor\u00e7ou justamento que<strong>&nbsp;h\u00e1 essa diferen\u00e7a entre pacientes assintom\u00e1ticos e pr\u00e9-sintom\u00e1ticos<\/strong>. Al\u00e9m disso ela recomendou a consulta ao guia da OMS publicado na sexta (5), que trata do uso de m\u00e1scaras para a prote\u00e7\u00e3o.<\/p>\n\n\n\n<p>No documento, a entidade diz que &#8220;estudos mais abrangentes sobre a transmiss\u00e3o de indiv\u00edduos assintom\u00e1ticos s\u00e3o dif\u00edceis de conduzir&#8221;, mas cita um trabalho como exemplo. A pesquisa aponta que, entre 63 indiv\u00edduos assintom\u00e1ticos estudados na China, havia evid\u00eancias de que 9 (14%) infectaram outra pessoa.<\/p>\n\n\n\n<p>No mesmo documento, a OMS alerta: &#8220;Os dados dispon\u00edveis at\u00e9 o momento, que tratam de casos de infec\u00e7\u00e3o em pessoas sem sintomas s\u00e3o decorrentes de um n\u00famero limitado de estudos com pequenas amostras que est\u00e3o sujeitas a revis\u00f5es e n\u00e3o podem dizer se eles carregam a transmiss\u00e3o.&#8221;<\/p>\n","protected":false},"excerpt":{"rendered":"<p>A Organiza\u00e7\u00e3o Mundial da Sa\u00fade (OMS) disse nesta ter\u00e7a-feira (9) que\u00a0pessoas assintom\u00e1ticas transmitem coronav\u00edrus\u00a0\u2013 &#8220;a quest\u00e3o \u00e9 saber quanto&#8221;, segundo a entidade. O esclarecimento foi&hellip; <\/p>\n","protected":false},"author":1,"featured_media":173510,"comment_status":"closed","ping_status":"closed","sticky":false,"template":"","format":"standard","meta":{"sfsi_plus_gutenberg_text_before_share":"","sfsi_plus_gutenberg_show_text_before_share":"","sfsi_plus_gutenberg_icon_type":"","sfsi_plus_gutenberg_icon_alignemt":"","sfsi_plus_gutenburg_max_per_row":"","footnotes":""},"categories":[50,16],"tags":[],"class_list":["post-173509","post","type-post","status-publish","format-standard","has-post-thumbnail","hentry","category-destaque","category-saude"],"_links":{"self":[{"href":"https:\/\/www.caririemacao.com\/1\/wp-json\/wp\/v2\/posts\/173509","targetHints":{"allow":["GET"]}}],"collection":[{"href":"https:\/\/www.caririemacao.com\/1\/wp-json\/wp\/v2\/posts"}],"about":[{"href":"https:\/\/www.caririemacao.com\/1\/wp-json\/wp\/v2\/types\/post"}],"author":[{"embeddable":true,"href":"https:\/\/www.caririemacao.com\/1\/wp-json\/wp\/v2\/users\/1"}],"replies":[{"embeddable":true,"href":"https:\/\/www.caririemacao.com\/1\/wp-json\/wp\/v2\/comments?post=173509"}],"version-history":[{"count":1,"href":"https:\/\/www.caririemacao.com\/1\/wp-json\/wp\/v2\/posts\/173509\/revisions"}],"predecessor-version":[{"id":173511,"href":"https:\/\/www.caririemacao.com\/1\/wp-json\/wp\/v2\/posts\/173509\/revisions\/173511"}],"wp:featuredmedia":[{"embeddable":true,"href":"https:\/\/www.caririemacao.com\/1\/wp-json\/wp\/v2\/media\/173510"}],"wp:attachment":[{"href":"https:\/\/www.caririemacao.com\/1\/wp-json\/wp\/v2\/media?parent=173509"}],"wp:term":[{"taxonomy":"category","embeddable":true,"href":"https:\/\/www.caririemacao.com\/1\/wp-json\/wp\/v2\/categories?post=173509"},{"taxonomy":"post_tag","embeddable":true,"href":"https:\/\/www.caririemacao.com\/1\/wp-json\/wp\/v2\/tags?post=173509"}],"curies":[{"name":"wp","href":"https:\/\/api.w.org\/{rel}","templated":true}]}}