{"id":173512,"date":"2020-06-09T15:26:24","date_gmt":"2020-06-09T18:26:24","guid":{"rendered":"https:\/\/www.caririemacao.com\/1\/?p=173512"},"modified":"2020-06-09T15:26:24","modified_gmt":"2020-06-09T18:26:24","slug":"bolsonaro-cita-declaracao-da-oms-cientistas-veem-interpretacao-equivocada","status":"publish","type":"post","link":"https:\/\/www.caririemacao.com\/1\/2020\/06\/09\/bolsonaro-cita-declaracao-da-oms-cientistas-veem-interpretacao-equivocada\/","title":{"rendered":"Bolsonaro cita declara\u00e7\u00e3o da OMS; cientistas veem interpreta\u00e7\u00e3o equivocada"},"content":{"rendered":"\n<p>O presidente Jair Bolsonaro disse nesta ter\u00e7a-feira (9), na abertura de uma reuni\u00e3o interministerial, que a transmiss\u00e3o do Covid-19 por assintom\u00e1ticos pode ser &#8220;zero ou quase zero&#8221; e que isso &#8220;pode sinalizar uma abertura mais r\u00e1pida do com\u00e9rcio&#8221;.<\/p>\n\n\n\n<p>Bolsonaro comentou\u00a0uma declara\u00e7\u00e3o, feita na segunda (8), pela chefe do programa de emerg\u00eancias da Organiza\u00e7\u00e3o Mundial de Sa\u00fade (OMS), Maria von Kerkhove. Ela disse que a transmiss\u00e3o por pessoas assintom\u00e1ticas &#8220;parece rara&#8221;.<\/p>\n\n\n\n<p>Van Kerkhove ressaltou que o estudo sobre a transmiss\u00e3o por pessoas assintom\u00e1ticas ainda n\u00e3o \u00e9 conclusivo. Ela lembrou tamb\u00e9m que h\u00e1 uma diferen\u00e7a entre pessoas assintom\u00e1ticas e as pr\u00e9-sintom\u00e1ticas, que ainda n\u00e3o manifestaram sintomas, mas v\u00e3o apresentar algum, leve ou grave.<\/p>\n\n\n\n<p>Bolsonaro falou sobre a pandemia logo na abertura da reuni\u00e3o com ministros.<\/p>\n\n\n\n<p>&#8220;Foi noticiado ontem [segunda], tamb\u00e9m de forma n\u00e3o comprovada, como nada \u00e9 comprovado na quest\u00e3o do coronav\u00edrus. Mas que a transmiss\u00e3o por parte de assintom\u00e1ticos \u00e9 praticamente zero. Ent\u00e3o isso vai dar muito debate e muitas li\u00e7\u00f5es ser\u00e3o tomadas&#8221;, disse.<\/p>\n\n\n\n<p>Em seguida, o presidente afirmou:<\/p>\n\n\n\n<p>&#8220;Com toda certeza, isso pode sinalizar uma abertura mais r\u00e1pida do com\u00e9rcio e a extin\u00e7\u00e3o daquelas medidas restritivas adotadas, segundo decis\u00e3o do STF, adotadas por governadores e prefeitos.\u201d<\/p>\n\n\n\n<h2 class=\"wp-block-heading\">Esclarecimento da OMS<\/h2>\n\n\n\n<p>Pouco depois da declara\u00e7\u00e3o de Bolsonaro, a OMS fez nova coletiva de imprensa, na Su\u00ed\u00e7a, para esclarecer a divulga\u00e7\u00e3o da segunda (8).<\/p>\n\n\n\n<p>O diretor de emerg\u00eancias do \u00f3rg\u00e3o, Michael Ryan, afirmou\u00a0estar &#8220;absolutamente convencido de que a transmiss\u00e3o por casos assintom\u00e1ticos est\u00e1 ocorrendo. Segundo ele, ainda falta descobrir a parcela desse tipo de cont\u00e1gio no total de casos.<\/p>\n\n\n\n<p>&#8220;Estamos absolutamente convencidos de que a transmiss\u00e3o por casos assintom\u00e1ticos est\u00e1 ocorrendo, a quest\u00e3o \u00e9 saber quanto&#8221;, afirmou Ryan.<\/p>\n\n\n\n<p>Van Kerkhove tamb\u00e9m voltou a se pronunciar nesta ter\u00e7a-feira e disse que as pesquisas est\u00e3o em andamento, mas existem evid\u00eancias de que 40% dos cont\u00e1gios ocorreram a partir de pessoas sem sintomas.<\/p>\n\n\n\n<p>&#8220;Alguns modelos estimam que pode ocorrer uma transmiss\u00e3o de 40% devido aos casos assintom\u00e1ticos, mas n\u00e3o incluem an\u00e1lises anteriores&#8221;, disse.<\/p>\n\n\n\n<h2 class=\"wp-block-heading\">Alerta e cr\u00edtica dos cientistas<\/h2>\n\n\n\n<p>A declara\u00e7\u00e3o da chefe do programa de emerg\u00eancias foi criticada por pesquisadores por ter soado amb\u00edgua. Entre os cr\u00edticos esteve o diretor do Instituto de Sa\u00fade Global da Universidade de Harvard, Ashish K. Jha.<\/p>\n\n\n\n<p>O pesquisador da universidade norte-americana argumentou que infectados que n\u00e3o apresentam sintomas s\u00e3o uma forma importante para a transmiss\u00e3o da Covid-19. Ele explicou que apenas 20% dos infectados n\u00e3o desenvolver\u00e3o nenhum sintoma. Os outros 80% poder\u00e3o desenvolver sintomas leves ou mais duros da doen\u00e7a.<\/p>\n\n\n\n<p>O doutor em microbiologia pela Universidade de S\u00e3o Paulo, o bi\u00f3logo \u00c1tila Marino, disse que faltou na declara\u00e7\u00e3o da OMS ressaltar que a principal fonte de transmiss\u00e3o de Covid-19, no mundo inteiro, s\u00e3o os pr\u00e9-sintom\u00e1ticos. Eles transmitem o v\u00edrus cerca de 2 dias antes de os sintomas aparecerem.<\/p>\n\n\n\n<p>&#8220;O que ficou de fora da declara\u00e7\u00e3o que \u00e9 importante? \u00c9 que existem pessoas que n\u00e3o t\u00eam sintomas e depois manifestam eles, as pr\u00e9-sintom\u00e1ticas. Essas s\u00e3o a maior fonte de transmiss\u00e3o da doen\u00e7a. Grande parte dos casos de Covid foram transmitidos nesse per\u00edodo, em que pessoas que v\u00e3o ter sintomas, mas n\u00e3o apresentavam ainda, tinham o v\u00edrus no nariz, no corpo. A transmiss\u00e3o principal no mundo inteiro acontece de 2 a 3 dias pr\u00e9-sintoma&#8221;, afirmou.<\/p>\n","protected":false},"excerpt":{"rendered":"<p>O presidente Jair Bolsonaro disse nesta ter\u00e7a-feira (9), na abertura de uma reuni\u00e3o interministerial, que a transmiss\u00e3o do Covid-19 por assintom\u00e1ticos pode ser &#8220;zero ou&hellip; <\/p>\n","protected":false},"author":1,"featured_media":172223,"comment_status":"closed","ping_status":"closed","sticky":false,"template":"","format":"standard","meta":{"sfsi_plus_gutenberg_text_before_share":"","sfsi_plus_gutenberg_show_text_before_share":"","sfsi_plus_gutenberg_icon_type":"","sfsi_plus_gutenberg_icon_alignemt":"","sfsi_plus_gutenburg_max_per_row":"","footnotes":""},"categories":[11,16],"tags":[],"class_list":["post-173512","post","type-post","status-publish","format-standard","has-post-thumbnail","hentry","category-politica","category-saude"],"_links":{"self":[{"href":"https:\/\/www.caririemacao.com\/1\/wp-json\/wp\/v2\/posts\/173512","targetHints":{"allow":["GET"]}}],"collection":[{"href":"https:\/\/www.caririemacao.com\/1\/wp-json\/wp\/v2\/posts"}],"about":[{"href":"https:\/\/www.caririemacao.com\/1\/wp-json\/wp\/v2\/types\/post"}],"author":[{"embeddable":true,"href":"https:\/\/www.caririemacao.com\/1\/wp-json\/wp\/v2\/users\/1"}],"replies":[{"embeddable":true,"href":"https:\/\/www.caririemacao.com\/1\/wp-json\/wp\/v2\/comments?post=173512"}],"version-history":[{"count":1,"href":"https:\/\/www.caririemacao.com\/1\/wp-json\/wp\/v2\/posts\/173512\/revisions"}],"predecessor-version":[{"id":173513,"href":"https:\/\/www.caririemacao.com\/1\/wp-json\/wp\/v2\/posts\/173512\/revisions\/173513"}],"wp:featuredmedia":[{"embeddable":true,"href":"https:\/\/www.caririemacao.com\/1\/wp-json\/wp\/v2\/media\/172223"}],"wp:attachment":[{"href":"https:\/\/www.caririemacao.com\/1\/wp-json\/wp\/v2\/media?parent=173512"}],"wp:term":[{"taxonomy":"category","embeddable":true,"href":"https:\/\/www.caririemacao.com\/1\/wp-json\/wp\/v2\/categories?post=173512"},{"taxonomy":"post_tag","embeddable":true,"href":"https:\/\/www.caririemacao.com\/1\/wp-json\/wp\/v2\/tags?post=173512"}],"curies":[{"name":"wp","href":"https:\/\/api.w.org\/{rel}","templated":true}]}}