{"id":173515,"date":"2020-06-09T15:50:40","date_gmt":"2020-06-09T18:50:40","guid":{"rendered":"https:\/\/www.caririemacao.com\/1\/?p=173515"},"modified":"2020-06-09T15:50:40","modified_gmt":"2020-06-09T18:50:40","slug":"sp-bate-recorde-com-334-mortes-por-coronavirus-em-24-horas","status":"publish","type":"post","link":"https:\/\/www.caririemacao.com\/1\/2020\/06\/09\/sp-bate-recorde-com-334-mortes-por-coronavirus-em-24-horas\/","title":{"rendered":"SP bate recorde com 334 mortes por coronav\u00edrus em 24 horas"},"content":{"rendered":"\n<p>O n\u00fameros de\u00a0mortes pelo coronav\u00edrus atingiu 9.522 pessoas\u00a0no estado de S\u00e3o Paulo nesta ter\u00e7a-feira (9). Nas \u00faltimas 24 horas,\u00a0o n\u00famero de \u00f3bitos novos foi de 334, o maior j\u00e1 registrado desde o in\u00edcio da pandemia. J\u00e1 o n\u00famero de\u00a0casos da doen\u00e7a chegam a 150.138, um aumento de 5.545 infectados,\u00a0de acordo com a Secretaria Estadual da Sa\u00fade.<\/p>\n\n\n\n<p>Os n\u00fameros n\u00e3o significam, necessariamente, que as infec\u00e7\u00f5es e mortes aconteceram de um dia para o outro, porque o balan\u00e7o estadual considera a data em que os diagn\u00f3sticos foram contabilizados no sistema.<\/p>\n\n\n\n<p>Para o secret\u00e1rio da Sa\u00fade, Jos\u00e9 Henrique Germann, apesar do aumento esperado ocorrido nas ter\u00e7as-feiras, ocorreu um aumento de mortes maior que o esperado. &#8220;N\u00f3s temos nas ter\u00e7as-feiras um n\u00famero maior de casos devido a notifica\u00e7\u00e3o, mas especificamente hoje, mesmo assim, n\u00f3s tivemos um aumento de 3,5% com rela\u00e7\u00e3o a m\u00e9dia. Ent\u00e3o n\u00f3s continuamos na mesma m\u00e9dia de aumento, que \u00e9 de 3%, 3,5% no n\u00famero de \u00f3bitos. N\u00f3s estamos passando por um crescimento de baixa velocidade. \u00c9 muito duro e dif\u00edcil falar isso em rela\u00e7\u00e3o aos \u00f3bitos, principalmente pra n\u00f3s&#8221;, declarou.<\/p>\n\n\n\n<figure class=\"wp-block-image\"><img decoding=\"async\" data-src=\"https:\/\/s2.glbimg.com\/4TdGtOIdAQFEEecG8wlcMlKJ9_w=\/0x0:650x629\/984x0\/smart\/filters:strip_icc()\/i.s3.glbimg.com\/v1\/AUTH_59edd422c0c84a879bd37670ae4f538a\/internal_photos\/bs\/2020\/G\/J\/YEjAA1TGeBSzq2Izkdgg\/mortes9.png\" alt=\"Total de mortes por Covid- 19 no estado de SP \u2014 Foto: Arte G1\" src=\"data:image\/svg+xml;base64,PHN2ZyB3aWR0aD0iMSIgaGVpZ2h0PSIxIiB4bWxucz0iaHR0cDovL3d3dy53My5vcmcvMjAwMC9zdmciPjwvc3ZnPg==\" class=\"lazyload\" \/><\/figure>\n\n\n\n<p>Total de mortes por Covid- 19 no estado de SP \u2014 Foto: Arte G1<\/p>\n\n\n\n<figure class=\"wp-block-image\"><img decoding=\"async\" data-src=\"https:\/\/s2.glbimg.com\/JNSCUC907RzOg1S4mQAbd1SsFC0=\/0x0:650x629\/984x0\/smart\/filters:strip_icc()\/i.s3.glbimg.com\/v1\/AUTH_59edd422c0c84a879bd37670ae4f538a\/internal_photos\/bs\/2020\/I\/O\/Z0j9gXTKSc4jQXZ40iOw\/casos9.png\" alt=\"N\u00famero de pessoas contaminadas por coronav\u00edrus no estado de SP chega a 150.138 \u2014 Foto: Arte G1\" src=\"data:image\/svg+xml;base64,PHN2ZyB3aWR0aD0iMSIgaGVpZ2h0PSIxIiB4bWxucz0iaHR0cDovL3d3dy53My5vcmcvMjAwMC9zdmciPjwvc3ZnPg==\" class=\"lazyload\" \/><\/figure>\n\n\n\n<p>N\u00famero de pessoas contaminadas por coronav\u00edrus no estado de SP chega a 150.138 \u2014 Foto: Arte G1<\/p>\n\n\n\n<p>Os pacientes internados em Unidades de Terapia Intensiva (UTI) s\u00e3o 4.481 e 8.073 em enfermarias de casos confirmados e suspeitos. O total de\u00a0pacientes recuperados \u00e9 de 28.787.<\/p>\n\n\n\n<p>A taxa de ocupa\u00e7\u00e3o das UTIs no estado \u00e9 de 68,6% e, na Grande S\u00e3o Paulo, de 74,1%.<\/p>\n\n\n\n<p>O secret\u00e1rio Desenvolvimento Regional do Estado de S\u00e3o Paulo, Marco Vinholi, justificou que apesar da alta de casos, o estado teve uma participa\u00e7\u00e3o menor no total de contaminados no Brasil.<\/p>\n\n\n\n<p>&#8220;Mesmo neste momento de retomada das atividades em S\u00e3o Paulo, a quarentena segue e a popula\u00e7\u00e3o de modo geral tem mantido os n\u00edveis que registrados antes desse momento. Portanto, \u00e9 fundamental dizer que mesmo com o aumento da testagem, com esse processo de retomada, S\u00e3o Paulo segue diminuindo sua participa\u00e7\u00e3o no n\u00famero de casos em rela\u00e7\u00e3o ao Brasil. N\u00f3s \u00e9ramos 68% no in\u00edcio da pandemia, fomos caindo e hoje atingimos um n\u00famero inferior a 20,5% dos casos do pa\u00eds&#8221;, argumentou.<\/p>\n\n\n\n<p>J\u00e1 a taxa de isolamento nesta segunda (8) foi de 48% na capital paulista e 47% no estado de S\u00e3o Paulo.<\/p>\n\n\n\n<p>De acordo com a secret\u00e1ria de Desenvolvimento Econ\u00f4mico, Patr\u00edcia Ellen, o isolamento social possibilita que 90 mil vidas sejam poupadas e 1,5 milh\u00e3o de pessoas deixem de ser contaminadas at\u00e9 o fim de junho.<\/p>\n\n\n\n<figure class=\"wp-block-image\"><img decoding=\"async\" data-src=\"https:\/\/s2.glbimg.com\/Vzi6RGVgZck5au2bE9s7rVpWBII=\/0x0:650x1165\/984x0\/smart\/filters:strip_icc()\/i.s3.glbimg.com\/v1\/AUTH_59edd422c0c84a879bd37670ae4f538a\/internal_photos\/bs\/2020\/A\/I\/DEqwpQRZS8ROUY7ztQpA\/mortesecasos9.png\" alt=\"Novos casos de contamina\u00e7\u00e3o e mortes registradas no estado de SP \u2014 Foto: Arte G1\" src=\"data:image\/svg+xml;base64,PHN2ZyB3aWR0aD0iMSIgaGVpZ2h0PSIxIiB4bWxucz0iaHR0cDovL3d3dy53My5vcmcvMjAwMC9zdmciPjwvc3ZnPg==\" class=\"lazyload\" \/><\/figure>\n\n\n\n<p>Novos casos de contamina\u00e7\u00e3o e mortes registradas no estado de SP \u2014 Foto: Arte G1<\/p>\n\n\n\n<figure class=\"wp-block-image\"><img decoding=\"async\" data-src=\"https:\/\/s2.glbimg.com\/t7l4ZgTGj3393nj08kW374eTlRc=\/0x0:650x636\/984x0\/smart\/filters:strip_icc()\/i.s3.glbimg.com\/v1\/AUTH_59edd422c0c84a879bd37670ae4f538a\/internal_photos\/bs\/2020\/B\/J\/IfIT9fSMKEo5P8cNdpBA\/utisp.png\" alt=\"Taxa de ocupa\u00e7\u00e3o nas UTIs da Grande SP \u2014 Foto: Arte G1\" src=\"data:image\/svg+xml;base64,PHN2ZyB3aWR0aD0iMSIgaGVpZ2h0PSIxIiB4bWxucz0iaHR0cDovL3d3dy53My5vcmcvMjAwMC9zdmciPjwvc3ZnPg==\" class=\"lazyload\" \/><\/figure>\n\n\n\n<p>Taxa de ocupa\u00e7\u00e3o nas UTIs da Grande SP \u2014 Foto: Arte G1<\/p>\n\n\n\n<figure class=\"wp-block-image\"><img decoding=\"async\" data-src=\"https:\/\/s2.glbimg.com\/r207CziJIHIECZlIZs2ij9987Dw=\/0x0:650x636\/984x0\/smart\/filters:strip_icc()\/i.s3.glbimg.com\/v1\/AUTH_59edd422c0c84a879bd37670ae4f538a\/internal_photos\/bs\/2020\/n\/6\/lsKD2eSOABAitkp8P4fQ\/utiestado9.png\" alt=\"Taxa de ocupa\u00e7\u00e3o das UTIs na Grande SP \u2014 Foto: Arte G1\" src=\"data:image\/svg+xml;base64,PHN2ZyB3aWR0aD0iMSIgaGVpZ2h0PSIxIiB4bWxucz0iaHR0cDovL3d3dy53My5vcmcvMjAwMC9zdmciPjwvc3ZnPg==\" class=\"lazyload\" \/><\/figure>\n\n\n\n<p>Taxa de ocupa\u00e7\u00e3o das UTIs na Grande SP \u2014 Foto: Arte G1<\/p>\n\n\n\n<h2 class=\"wp-block-heading\">Reabertura capital paulista<\/h2>\n\n\n\n<figure class=\"wp-block-image\"><img decoding=\"async\" data-src=\"https:\/\/s03.video.glbimg.com\/x240\/8613418.jpg\" alt=\"Com\u00e9rcio de rua deve reabrir na quarta-feira (10)\" title=\"Com\u00e9rcio de rua deve reabrir na quarta-feira (10)\" src=\"data:image\/svg+xml;base64,PHN2ZyB3aWR0aD0iMSIgaGVpZ2h0PSIxIiB4bWxucz0iaHR0cDovL3d3dy53My5vcmcvMjAwMC9zdmciPjwvc3ZnPg==\" class=\"lazyload\" \/><\/figure>\n\n\n\n<p>00:00\/11:26<\/p>\n\n\n\n<p>Com\u00e9rcio de rua deve reabrir na quarta-feira (10)<\/p>\n\n\n\n<p>A Prefeitura de S\u00e3o Paulo vai autorizar o funcionamento do com\u00e9rcio de rua a reabrir a partir desta quarta-feira (10).<\/p>\n\n\n\n<p>O an\u00fancio deve ser feito ainda nesta tarde pelo prefeito Bruno Covas (PSDB). A reabertura dos shoppings ser\u00e1 permitida a partir de quinta-feira (11). A libera\u00e7\u00e3o tamb\u00e9m ser\u00e1 concedida \u00e0s imobili\u00e1rias da cidade.<\/p>\n\n\n\n<p>Os protocolos com os setores ser\u00e3o assinados nesta ter\u00e7a (9) e quarta (10). Os estabelecimentos dever\u00e3o seguir normas de higiene e seguran\u00e7a e respeitar os hor\u00e1rios de funcionamento restritos estabelecidos pela gest\u00e3o municipal.<\/p>\n\n\n\n<p>Al\u00e9m de cuidados com sa\u00fade, como distanciamento social e uso de \u00e1lcool gel, as lojas v\u00e3o ter um limite de hor\u00e1rio de funcionamento de quatro horas. O comerciante poder\u00e1 escolher o hor\u00e1rio de abertura, desde que seja fora do hor\u00e1rio de pico.<\/p>\n\n\n\n<p>Os shoppings v\u00e3o reabrir a partir de quinta-feira (11) tamb\u00e9m com limite de funcionamento. Ou abrem de 6h \u00e0s 10h ou das 16h \u00e0s 20h. O hor\u00e1rio da manh\u00e3 \u00e9 uma reivindica\u00e7\u00e3o dos shoppings populares. Os shoppings maiores devem funcionar no segundo hor\u00e1rio.<\/p>\n\n\n\n<p>Haver\u00e1 limite tamb\u00e9m de pessoas. Nenhum deles poder\u00e1 receber mais do que 20% da capacidade de p\u00fablico.<\/p>\n\n\n\n<h2 class=\"wp-block-heading\">Flexibiliza\u00e7\u00e3o da quarentena<\/h2>\n\n\n\n<p>Os setores fazem parte de uma lista de cinco que foram autorizados a funcionar, com restri\u00e7\u00f5es, na fase 2-Laranja da quarentena, que est\u00e1 em vigor em algumas regi\u00f5es do estado, incluindo a capital, desde 1\u00b0 de junho.<\/p>\n\n\n\n<p>A Prefeitura de S\u00e3o Paulo optou por liberar o funcionamento dos setores contemplados apenas ap\u00f3s an\u00e1lise de protocolos de sa\u00fade. Na semana passada,\u00a0Covas autorizou o funcionamento de escrit\u00f3rios e concession\u00e1rias.<\/p>\n\n\n\n<p>Nessas propostas, os setores informam como v\u00e3o retomar o funcionamento garantindo a seguran\u00e7a de funcion\u00e1rios e clientes. Nesta segunda-feira (8), o prefeito Bruno Covas disse que a administra\u00e7\u00e3o municipal j\u00e1 recebeu 96 protocolos.<\/p>\n\n\n\n<p>Pelo plano apresentado pelo governo de S\u00e3o Paulo, as regi\u00f5es do estado s\u00e3o classificadas da seguinte forma:<\/p>\n\n\n\n<ul class=\"wp-block-list\"><li>Alerta m\u00e1ximo (vermelho)<\/li><li>Controle (laranja)<\/li><li>Flexibiliza\u00e7\u00e3o (amarelo)<\/li><li>Abertura parcial (verde)<\/li><li>Normal controlado (azul)<\/li><\/ul>\n\n\n\n<figure class=\"wp-block-image\"><img decoding=\"async\" data-src=\"https:\/\/s2.glbimg.com\/lvbz4LZ9gwyKg3ygM-_qbQfoXiI=\/0x0:1280x711\/984x0\/smart\/filters:strip_icc()\/i.s3.glbimg.com\/v1\/AUTH_59edd422c0c84a879bd37670ae4f538a\/internal_photos\/bs\/2020\/l\/P\/S9p2SARM2pBMPTvMCTeA\/fases-plano.png\" alt=\"As fases do plano de retomada do Governo de S\u00e3o Paulo \u2014 Foto: Governo do Estado de S\u00e3o Paulo\" src=\"data:image\/svg+xml;base64,PHN2ZyB3aWR0aD0iMSIgaGVpZ2h0PSIxIiB4bWxucz0iaHR0cDovL3d3dy53My5vcmcvMjAwMC9zdmciPjwvc3ZnPg==\" class=\"lazyload\" \/><\/figure>\n\n\n\n<p>As fases do plano de retomada do Governo de S\u00e3o Paulo \u2014 Foto: Governo do Estado de S\u00e3o Paulo<\/p>\n\n\n\n<p>De acordo com a fase cada regi\u00e3o pode liberar a abertura de diferentes setores da economia fechados pela quarentena.<\/p>\n\n\n\n<p>A classifica\u00e7\u00e3o de cada regi\u00e3o leva em considera\u00e7\u00e3o uma s\u00e9rie de crit\u00e9rios, entre eles, taxa de ocupa\u00e7\u00e3o de UTIs e total de leitos a cada 100 mil habitantes.<\/p>\n\n\n\n<p>De acordo com o governo, uma regi\u00e3o s\u00f3 pode passar a um maior relaxamento ap\u00f3s 14 dias. A reavalia\u00e7\u00e3o s\u00f3 ocorrer\u00e1 em per\u00edodo menor caso haja informa\u00e7\u00f5es relevantes que exijam, excepcionalmente, uma revis\u00e3o.<\/p>\n","protected":false},"excerpt":{"rendered":"<p>O n\u00fameros de\u00a0mortes pelo coronav\u00edrus atingiu 9.522 pessoas\u00a0no estado de S\u00e3o Paulo nesta ter\u00e7a-feira (9). Nas \u00faltimas 24 horas,\u00a0o n\u00famero de \u00f3bitos novos foi de&hellip; <\/p>\n","protected":false},"author":1,"featured_media":173521,"comment_status":"closed","ping_status":"closed","sticky":false,"template":"","format":"standard","meta":{"sfsi_plus_gutenberg_text_before_share":"","sfsi_plus_gutenberg_show_text_before_share":"","sfsi_plus_gutenberg_icon_type":"","sfsi_plus_gutenberg_icon_alignemt":"","sfsi_plus_gutenburg_max_per_row":"","footnotes":""},"categories":[6,16],"tags":[],"class_list":["post-173515","post","type-post","status-publish","format-standard","has-post-thumbnail","hentry","category-cidades","category-saude"],"_links":{"self":[{"href":"https:\/\/www.caririemacao.com\/1\/wp-json\/wp\/v2\/posts\/173515","targetHints":{"allow":["GET"]}}],"collection":[{"href":"https:\/\/www.caririemacao.com\/1\/wp-json\/wp\/v2\/posts"}],"about":[{"href":"https:\/\/www.caririemacao.com\/1\/wp-json\/wp\/v2\/types\/post"}],"author":[{"embeddable":true,"href":"https:\/\/www.caririemacao.com\/1\/wp-json\/wp\/v2\/users\/1"}],"replies":[{"embeddable":true,"href":"https:\/\/www.caririemacao.com\/1\/wp-json\/wp\/v2\/comments?post=173515"}],"version-history":[{"count":1,"href":"https:\/\/www.caririemacao.com\/1\/wp-json\/wp\/v2\/posts\/173515\/revisions"}],"predecessor-version":[{"id":173522,"href":"https:\/\/www.caririemacao.com\/1\/wp-json\/wp\/v2\/posts\/173515\/revisions\/173522"}],"wp:featuredmedia":[{"embeddable":true,"href":"https:\/\/www.caririemacao.com\/1\/wp-json\/wp\/v2\/media\/173521"}],"wp:attachment":[{"href":"https:\/\/www.caririemacao.com\/1\/wp-json\/wp\/v2\/media?parent=173515"}],"wp:term":[{"taxonomy":"category","embeddable":true,"href":"https:\/\/www.caririemacao.com\/1\/wp-json\/wp\/v2\/categories?post=173515"},{"taxonomy":"post_tag","embeddable":true,"href":"https:\/\/www.caririemacao.com\/1\/wp-json\/wp\/v2\/tags?post=173515"}],"curies":[{"name":"wp","href":"https:\/\/api.w.org\/{rel}","templated":true}]}}