{"id":173520,"date":"2020-06-09T15:51:51","date_gmt":"2020-06-09T18:51:51","guid":{"rendered":"https:\/\/www.caririemacao.com\/1\/?p=173520"},"modified":"2020-06-09T15:51:51","modified_gmt":"2020-06-09T18:51:51","slug":"paraiba-tem-o-maior-percentual-do-brasil-de-alunos-da-3a-serie-do-ensino-medio-inscritos-no-enem","status":"publish","type":"post","link":"https:\/\/www.caririemacao.com\/1\/2020\/06\/09\/paraiba-tem-o-maior-percentual-do-brasil-de-alunos-da-3a-serie-do-ensino-medio-inscritos-no-enem\/","title":{"rendered":"Para\u00edba tem o maior percentual do Brasil de alunos da 3\u00aa s\u00e9rie do ensino m\u00e9dio inscritos no Enem"},"content":{"rendered":"\n<h1 class=\"wp-block-heading\"><\/h1>\n\n\n\n<p>Na Rede Estadual de Ensino da Para\u00edba, 21.425 estudantes da 3\u00aa s\u00e9rie do ensino m\u00e9dio fizeram inscri\u00e7\u00e3o para o Enem, o que representa 73% do total de 29.390 alunos matriculados, maior percentual de todo o Brasil quando analisado proporcionalmente. O n\u00famero \u00e9 superior a 2019, em que o percentual foi de 65%.<\/p>\n\n\n\n<p>O Instituto Nacional de Pesquisas Educacionais An\u00edsio Teixeira (Inep) enviou para as Secretarias de Estado da Educa\u00e7\u00e3o de todas as unidades federativas os n\u00fameros referentes \u00e0s inscri\u00e7\u00f5es para o Exame Nacional do Ensino M\u00e9dio de 2020. &nbsp;<\/p>\n\n\n\n<p>O secret\u00e1rio de Estado da Educa\u00e7\u00e3o e da Ci\u00eancia e Tecnologia, Cl\u00e1udio Furtado, comemorou o n\u00famero de inscritos e lembrou que o \u00edndice \u00e9 fruto de um trabalho de incentivo aos alunos a acreditarem em seus projetos de vida. \u201cEsse n\u00famero \u00e9 resultado de um trabalho que a Secretaria de Educa\u00e7\u00e3o e da Ci\u00eancia e Tecnologia vem realizando junto com as Ger\u00eancias Regionais e as escolas para mobilizar, cada vez mais, os estudantes a acreditarem que podem ter seus projetos de vida realizados. \u00c9 s\u00f3 eles observarem a quantidade de mais de 3.800 aprovados este ano em toda a Rede Estadual de Ensino. Isso faz com que eles procurem melhorar a cada dia, \u00e9 um reflexo de todo o trabalho que vem sendo feito pelo Governo do Estado\u201d, refletiu o secret\u00e1rio.<\/p>\n\n\n\n<p>No ano passado, os alunos da Rede Estadual de Ensino da Para\u00edba atingiram a marca de 3.865 aprova\u00e7\u00f5es em universidade p\u00fablicas, sendo 225 delas em primeiro lugar. O \u00edndice foi o maior j\u00e1 registrado em toda a hist\u00f3ria. No total, foram 747 aprova\u00e7\u00f5es para a UFPB, 364 para o IFPB, 1050 para a UEPB, 1216 para a UFCG, 207 para outras institui\u00e7\u00f5es de ensino do Nordeste e 281 entraram em faculdades privadas pelo ProUNI.<\/p>\n\n\n\n<p>O crescimento nos n\u00fameros \u00e9 reflexo das a\u00e7\u00f5es de est\u00edmulo e prepara\u00e7\u00e3o para o Exame que o Governo do Estado realiza por meio da Secretaria de Estado da Educa\u00e7\u00e3o e da Ci\u00eancia e Tecnologia, como o Se Liga No Enem Para\u00edba, que em 2019 se tornou um programa e ocorre em v\u00e1rios formatos: Festival, Egressos, Na Escola, N\u00facleo de Reda\u00e7\u00e3o e Simulados. Este ano, devido \u00e0 suspens\u00e3o das aulas presenciais como medida de preven\u00e7\u00e3o ao novo coronav\u00edrus, o programa est\u00e1 sendo reformulado e o novo formato vai ser apresentado em breve.<\/p>\n\n\n\n<p>Mesmo diante das mudan\u00e7as no ensino causadas pela pandemia, o secret\u00e1rio Cl\u00e1udio Furtado motivou os alunos da Rede Estadual a seguirem acreditando nos pr\u00f3prios sonhos. \u201cAcreditem! A prova que eles podem s\u00e3o os pr\u00f3prios colegas que j\u00e1 entraram nas universidades p\u00fablicas. Eles devem acreditar nos sonhos e est\u00e3o bem preparados para isso. T\u00eam capacidade e forma\u00e7\u00e3o para entrar em qualquer universidade\u201d, finalizou o secret\u00e1rio.<\/p>\n","protected":false},"excerpt":{"rendered":"<p>Na Rede Estadual de Ensino da Para\u00edba, 21.425 estudantes da 3\u00aa s\u00e9rie do ensino m\u00e9dio fizeram inscri\u00e7\u00e3o para o Enem, o que representa 73% do&hellip; <\/p>\n","protected":false},"author":2,"featured_media":173523,"comment_status":"closed","ping_status":"closed","sticky":false,"template":"","format":"standard","meta":{"sfsi_plus_gutenberg_text_before_share":"","sfsi_plus_gutenberg_show_text_before_share":"","sfsi_plus_gutenberg_icon_type":"","sfsi_plus_gutenberg_icon_alignemt":"","sfsi_plus_gutenburg_max_per_row":"","footnotes":""},"categories":[2],"tags":[],"class_list":["post-173520","post","type-post","status-publish","format-standard","has-post-thumbnail","hentry","category-geral"],"_links":{"self":[{"href":"https:\/\/www.caririemacao.com\/1\/wp-json\/wp\/v2\/posts\/173520","targetHints":{"allow":["GET"]}}],"collection":[{"href":"https:\/\/www.caririemacao.com\/1\/wp-json\/wp\/v2\/posts"}],"about":[{"href":"https:\/\/www.caririemacao.com\/1\/wp-json\/wp\/v2\/types\/post"}],"author":[{"embeddable":true,"href":"https:\/\/www.caririemacao.com\/1\/wp-json\/wp\/v2\/users\/2"}],"replies":[{"embeddable":true,"href":"https:\/\/www.caririemacao.com\/1\/wp-json\/wp\/v2\/comments?post=173520"}],"version-history":[{"count":1,"href":"https:\/\/www.caririemacao.com\/1\/wp-json\/wp\/v2\/posts\/173520\/revisions"}],"predecessor-version":[{"id":173524,"href":"https:\/\/www.caririemacao.com\/1\/wp-json\/wp\/v2\/posts\/173520\/revisions\/173524"}],"wp:featuredmedia":[{"embeddable":true,"href":"https:\/\/www.caririemacao.com\/1\/wp-json\/wp\/v2\/media\/173523"}],"wp:attachment":[{"href":"https:\/\/www.caririemacao.com\/1\/wp-json\/wp\/v2\/media?parent=173520"}],"wp:term":[{"taxonomy":"category","embeddable":true,"href":"https:\/\/www.caririemacao.com\/1\/wp-json\/wp\/v2\/categories?post=173520"},{"taxonomy":"post_tag","embeddable":true,"href":"https:\/\/www.caririemacao.com\/1\/wp-json\/wp\/v2\/tags?post=173520"}],"curies":[{"name":"wp","href":"https:\/\/api.w.org\/{rel}","templated":true}]}}