{"id":173668,"date":"2020-06-10T13:13:21","date_gmt":"2020-06-10T16:13:21","guid":{"rendered":"https:\/\/www.caririemacao.com\/1\/?p=173668"},"modified":"2020-06-10T13:13:21","modified_gmt":"2020-06-10T16:13:21","slug":"devido-ao-feriado-de-corpus-christi-agencias-bancarias-nao-funcionam-nesta-quinta-feira-na-paraiba","status":"publish","type":"post","link":"https:\/\/www.caririemacao.com\/1\/2020\/06\/10\/devido-ao-feriado-de-corpus-christi-agencias-bancarias-nao-funcionam-nesta-quinta-feira-na-paraiba\/","title":{"rendered":"Devido ao feriado de Corpus Christi, ag\u00eancias banc\u00e1rias n\u00e3o funcionam nesta quinta-feira na Para\u00edba"},"content":{"rendered":"\n<h1 class=\"wp-block-heading\"><\/h1>\n\n\n\n<p>As ag\u00eancias banc\u00e1rias na Para\u00edba, n\u00e3o abrir\u00e3o nesta quinta-feira (11), devido ao feriado de Corpus Christi. O mesmo acontece para os munic\u00edpios que anteciparam o feriado em virtude do isolamento social para o combate \u00e0 pandemia do Coronav\u00edrus.<\/p>\n\n\n\n<p>A informa\u00e7\u00e3o foi confirmada pela&nbsp;Federa\u00e7\u00e3o Brasileira de Bancos (Febraban).<\/p>\n\n\n\n<p>\u201cEssa situa\u00e7\u00e3o ser\u00e1 observada em todos os munic\u00edpios brasileiros, inclusive naqueles que eventualmente implementaram alguma forma de antecipa\u00e7\u00e3o desse feriado em virtude do combate \u00e0 pandemia\u201d, disse a Febraban, em nota.<\/p>\n\n\n\n<p>Os sistemas de transfer\u00eancia de reservas (STR), sistema especial de liquida\u00e7\u00e3o e de Cust\u00f3dia (Selic) e taxas de c\u00e2mbio,tamb\u00e9m n\u00e3o ter\u00e3o atividades.<\/p>\n\n\n\n<p>Com rela\u00e7\u00e3o aos vencimentos de contas, incluindo os boletos e contas de concession\u00e1rias, agendamento de pagamentos e envios de transfer\u00eancias, estar\u00e3o prorrogados para&nbsp;o primeiro dia \u00fatil subsequente.<\/p>\n\n\n\n<p>Os terminais de autoatendimento, aplicativos de celular e internet permanecer\u00e3o provendo os servi\u00e7os de forma usual, como j\u00e1 ocorre em feriados banc\u00e1rios.<\/p>\n","protected":false},"excerpt":{"rendered":"<p>As ag\u00eancias banc\u00e1rias na Para\u00edba, n\u00e3o abrir\u00e3o nesta quinta-feira (11), devido ao feriado de Corpus Christi. O mesmo acontece para os munic\u00edpios que anteciparam o&hellip; <\/p>\n","protected":false},"author":2,"featured_media":173669,"comment_status":"closed","ping_status":"closed","sticky":false,"template":"","format":"standard","meta":{"sfsi_plus_gutenberg_text_before_share":"","sfsi_plus_gutenberg_show_text_before_share":"","sfsi_plus_gutenberg_icon_type":"","sfsi_plus_gutenberg_icon_alignemt":"","sfsi_plus_gutenburg_max_per_row":"","footnotes":""},"categories":[2],"tags":[],"class_list":["post-173668","post","type-post","status-publish","format-standard","has-post-thumbnail","hentry","category-geral"],"_links":{"self":[{"href":"https:\/\/www.caririemacao.com\/1\/wp-json\/wp\/v2\/posts\/173668","targetHints":{"allow":["GET"]}}],"collection":[{"href":"https:\/\/www.caririemacao.com\/1\/wp-json\/wp\/v2\/posts"}],"about":[{"href":"https:\/\/www.caririemacao.com\/1\/wp-json\/wp\/v2\/types\/post"}],"author":[{"embeddable":true,"href":"https:\/\/www.caririemacao.com\/1\/wp-json\/wp\/v2\/users\/2"}],"replies":[{"embeddable":true,"href":"https:\/\/www.caririemacao.com\/1\/wp-json\/wp\/v2\/comments?post=173668"}],"version-history":[{"count":1,"href":"https:\/\/www.caririemacao.com\/1\/wp-json\/wp\/v2\/posts\/173668\/revisions"}],"predecessor-version":[{"id":173670,"href":"https:\/\/www.caririemacao.com\/1\/wp-json\/wp\/v2\/posts\/173668\/revisions\/173670"}],"wp:featuredmedia":[{"embeddable":true,"href":"https:\/\/www.caririemacao.com\/1\/wp-json\/wp\/v2\/media\/173669"}],"wp:attachment":[{"href":"https:\/\/www.caririemacao.com\/1\/wp-json\/wp\/v2\/media?parent=173668"}],"wp:term":[{"taxonomy":"category","embeddable":true,"href":"https:\/\/www.caririemacao.com\/1\/wp-json\/wp\/v2\/categories?post=173668"},{"taxonomy":"post_tag","embeddable":true,"href":"https:\/\/www.caririemacao.com\/1\/wp-json\/wp\/v2\/tags?post=173668"}],"curies":[{"name":"wp","href":"https:\/\/api.w.org\/{rel}","templated":true}]}}