{"id":173676,"date":"2020-06-10T13:50:25","date_gmt":"2020-06-10T16:50:25","guid":{"rendered":"https:\/\/www.caririemacao.com\/1\/?p=173676"},"modified":"2020-06-10T13:50:25","modified_gmt":"2020-06-10T16:50:25","slug":"sao-sebastiao-do-umbuzeiro-registra-marca-de-100-de-seus-casos-recuperados","status":"publish","type":"post","link":"https:\/\/www.caririemacao.com\/1\/2020\/06\/10\/sao-sebastiao-do-umbuzeiro-registra-marca-de-100-de-seus-casos-recuperados\/","title":{"rendered":"S\u00e3o Sebasti\u00e3o do Umbuzeiro registra marca de 100% de seus casos recuperados"},"content":{"rendered":"\n<h3 class=\"wp-block-heading\"><\/h3>\n\n\n\n<p>Uma \u00f3tima not\u00edcia foi confirmada na noite desta ter\u00e7a feira, 09, atrav\u00e9s do boletim epidemiol\u00f3gico do munic\u00edpio de S\u00e3o Sebasti\u00e3o do Umbuzeiro.<br>De acordo com as informa\u00e7\u00f5es oficiais da secretaria municipal de sa\u00fade, os 04 casos confirmados no munic\u00edpio de COVID-19 est\u00e3o recuperados de acordo com todos os protocolos m\u00e9dicos.<br>Ap\u00f3s os casos serem notificados foram seguidos \u00e0 risca todos os protocolos, desde o isolamento domiciliar, passando pela investiga\u00e7\u00e3o da secretaria de sa\u00fade, e por fim o acompanhamento, resultando em um desfecho totalmente positivo.<br>Isto comprova que caso a popula\u00e7\u00e3o siga as orienta\u00e7\u00f5es dos \u00f3rg\u00e3os competentes, a cidade com certeza atravessar\u00e1 esta pandemia sem maiores transtornos.<\/p>\n\n\n\n<p>F\u00c1BIO BRITO<\/p>\n","protected":false},"excerpt":{"rendered":"<p>Uma \u00f3tima not\u00edcia foi confirmada na noite desta ter\u00e7a feira, 09, atrav\u00e9s do boletim epidemiol\u00f3gico do munic\u00edpio de S\u00e3o Sebasti\u00e3o do Umbuzeiro.De acordo com as&hellip; <\/p>\n","protected":false},"author":2,"featured_media":173677,"comment_status":"closed","ping_status":"closed","sticky":false,"template":"","format":"standard","meta":{"sfsi_plus_gutenberg_text_before_share":"","sfsi_plus_gutenberg_show_text_before_share":"","sfsi_plus_gutenberg_icon_type":"","sfsi_plus_gutenberg_icon_alignemt":"","sfsi_plus_gutenburg_max_per_row":"","footnotes":""},"categories":[2],"tags":[],"class_list":["post-173676","post","type-post","status-publish","format-standard","has-post-thumbnail","hentry","category-geral"],"_links":{"self":[{"href":"https:\/\/www.caririemacao.com\/1\/wp-json\/wp\/v2\/posts\/173676","targetHints":{"allow":["GET"]}}],"collection":[{"href":"https:\/\/www.caririemacao.com\/1\/wp-json\/wp\/v2\/posts"}],"about":[{"href":"https:\/\/www.caririemacao.com\/1\/wp-json\/wp\/v2\/types\/post"}],"author":[{"embeddable":true,"href":"https:\/\/www.caririemacao.com\/1\/wp-json\/wp\/v2\/users\/2"}],"replies":[{"embeddable":true,"href":"https:\/\/www.caririemacao.com\/1\/wp-json\/wp\/v2\/comments?post=173676"}],"version-history":[{"count":1,"href":"https:\/\/www.caririemacao.com\/1\/wp-json\/wp\/v2\/posts\/173676\/revisions"}],"predecessor-version":[{"id":173678,"href":"https:\/\/www.caririemacao.com\/1\/wp-json\/wp\/v2\/posts\/173676\/revisions\/173678"}],"wp:featuredmedia":[{"embeddable":true,"href":"https:\/\/www.caririemacao.com\/1\/wp-json\/wp\/v2\/media\/173677"}],"wp:attachment":[{"href":"https:\/\/www.caririemacao.com\/1\/wp-json\/wp\/v2\/media?parent=173676"}],"wp:term":[{"taxonomy":"category","embeddable":true,"href":"https:\/\/www.caririemacao.com\/1\/wp-json\/wp\/v2\/categories?post=173676"},{"taxonomy":"post_tag","embeddable":true,"href":"https:\/\/www.caririemacao.com\/1\/wp-json\/wp\/v2\/tags?post=173676"}],"curies":[{"name":"wp","href":"https:\/\/api.w.org\/{rel}","templated":true}]}}