{"id":173681,"date":"2020-06-11T06:06:20","date_gmt":"2020-06-11T09:06:20","guid":{"rendered":"https:\/\/www.caririemacao.com\/1\/?p=173681"},"modified":"2020-06-11T06:06:20","modified_gmt":"2020-06-11T09:06:20","slug":"coronavirus-nao-da-tregua-na-paraiba-centenas-de-novos-casos-em-apenas-1-dia","status":"publish","type":"post","link":"https:\/\/www.caririemacao.com\/1\/2020\/06\/11\/coronavirus-nao-da-tregua-na-paraiba-centenas-de-novos-casos-em-apenas-1-dia\/","title":{"rendered":"Coronav\u00edrus n\u00e3o d\u00e1 tr\u00e9gua na Para\u00edba: centenas de novos casos em apenas 1 dia"},"content":{"rendered":"\n<h1 class=\"wp-block-heading\"><\/h1>\n\n\n\n<p>A Secretaria de Estado da Sa\u00fade divulgou, nesta quarta-feira, 10, novo boletim epidemiol\u00f3gico com os novos casos confirmados e mortes por coronav\u00edrus nas \u00faltimas 24 horas.<\/p>\n\n\n\n<p>Hoje, a Para\u00edba registra 1.581 novos casos de Covid-19 e 25 \u00f3bitos confirmados desde a \u00faltima atualiza\u00e7\u00e3o, ou seja, s\u00e3o 24.032 pessoas que j\u00e1 contra\u00edram a doen\u00e7a, 5.090 que j\u00e1 se recuperaram e 559 faleceram. 70.100 testes para diagn\u00f3stico da Covid-19 j\u00e1 foram realizados, entre testes r\u00e1pidos e PCR.<\/p>\n\n\n\n<p>O boletim informa ainda que a ocupa\u00e7\u00e3o total de leitos de UTI (adulto, pedi\u00e1trico e obst\u00e9trico) em todo o estado \u00e9 de 69%.<\/p>\n\n\n\n<p>\u201cFazendo um recorte apenas dos leitos de UTI para adultos na Regi\u00e3o Metropolitana de Jo\u00e3o Pessoa, a taxa de ocupa\u00e7\u00e3o chega a 84%. Em Campina Grande, est\u00e3o ocupados 70% dos leitos de UTI adulto e no sert\u00e3o, 54% dos leitos de UTI para adultos. O \u00edndice de Isolamento Social foi de apenas 40,5%, considerado baixo em rela\u00e7\u00e3o \u00e0 meta de 70% e \u00e0 m\u00ednima de 50%, mesmo com a ado\u00e7\u00e3o de medidas r\u00edgidas na regi\u00e3o metropolitana de Jo\u00e3o Pessoa.<\/p>\n\n\n\n<p>Os casos confirmados est\u00e3o distribu\u00eddos por 207 dos 223 munic\u00edpios paraibanos:<\/p>\n\n\n\n<p>\u00c1gua Branca (10); Aguiar (1); Alagoa Grande (155); Alagoa Nova (72); Alagoinha (197); Alcantil (4) Alhandra (209); Amparo (12); Aparecida (9); Ara\u00e7agi (89); Arara (33); Araruna (6); Areia (86); Areia de Bara\u00fanas (1); Areial (16); Aroeiras (46); Assun\u00e7\u00e3o (20); Baia da Trai\u00e7\u00e3o (75); Bananeiras (44); Bara\u00fana (59); Barra de Santa Rosa (12); Barra de Santana (28); Barra de S\u00e3o Miguel (4); Bayeux (525); Bel\u00e9m (88); Bel\u00e9m do Brejo do Cruz (5); Bernardino Batista (2); Boa Ventura (1); Boa Vista (44); Bom Jesus (2); Bom Sucesso (5); Bonito de Santa F\u00e9 (1); Boqueir\u00e3o (51); Borborema (2); Brejo do Cruz (21); Brejo dos Santos (1); Caapor\u00e3 (523); Cabaceiras (2);&nbsp;<strong>Cabedelo (1332);<\/strong>&nbsp;Cachoeira dos \u00cdndios (14); Cacimba de Areia (5); Cacimba de Dentro (34); Cacimbas (20); Cai\u00e7ara (34); Cajazeiras (192); Cajazeirinhas (1); Caldas Brand\u00e3o (27);&nbsp;<strong>Campina Grande (3221)<\/strong>; Capim (63); Cara\u00fabas (2); Carrapateira (1); Casserengue (41); Catingueira (6), Catol\u00e9 do Rocha (71); Caturit\u00e9 (25); Concei\u00e7\u00e3o (4); Condado (47); Conde (155); Congo (11); Coremas (20); Coxixola (8); Cruz do Esp\u00edrito Santo (142); Cubati (6); Cuit\u00e9 (15); Cuit\u00e9 de Mamanguape (18); Cuiteg\u00ed (59); Curral de Cima (10); Curral Velho (1),<\/p>\n\n\n\n<p>Dami\u00e3o (2); Desterro (13); Diamante (2); Dona In\u00eas (5); Duas Estradas (34); Emas (1); Esperan\u00e7a (122); Fagundes (14); Gado Bravo (48); Guarabira (1030); Gurinh\u00e9m (77); Gurj\u00e3o (16); Ibiara (5); Igaracy (2); Imaculada (10); Ing\u00e1 (128); Itabaiana (353); Itaporanga (5); Itapororoca (45); Itatuba (71); Jacara\u00fa (31); Jeric\u00f3 (3);&nbsp;<strong>Jo\u00e3o Pessoa (6905);<\/strong>&nbsp;Joca Claudino (1); Juarez T\u00e1vora (53); Juazeirinho (68); Junco do Serid\u00f3 (12); Juripiranga (178); Juru (5); Lagoa (3); Lagoa de Dentro (9); Lagoa Seca (193); Lastro (1); Logradouro (16); Lucena (97); M\u00e3e d\u2019\u00c1gua (8); Malta (18); Mamanguape (392); Mana\u00edra (2); Marca\u00e7\u00e3o (9); Mari (173); Mariz\u00f3polis (4); Massaranduba (67); Mataraca (38); Matinhas (27); Mato Grosso (7); Matureia (14); Mogeiro (21); Montadas (15); Monteiro (38); Mulungu (56); Natuba (13); Nazarezinho (1); Nova Floresta (5), Nova Olinda (4); Nova Palmeira (12); Olho D\u00b4\u00c1gua (23); Olivedos (8);&nbsp; Ouro Velho (1); Parari (1); Passagem (13); Patos (850); Paulista (35); Pedra Lavrada (14); Pedras de Fogo (487); Pedro R\u00e9gis (2); Pianc\u00f3 (25); Picu\u00ed (36); Pilar (60); Pil\u00f5es (21); Pil\u00f5ezinhos (82); Pirpirituba (33); Pitimbu (171); Pocinhos (14);&nbsp; Pombal (88); Princesa Isabel (18); Puxinan\u00e3 (71);&nbsp; Queimadas (188); Quixaba (15); Rem\u00edgio (100); Riach\u00e3o (2); Riach\u00e3o do Bacamarte (146);&nbsp; Riach\u00e3o do Po\u00e7o (14); Riacho de Santo Ant\u00f4nio (5); Riacho dos Cavalos (2); Rio Tinto (133);<\/p>\n\n\n\n<p>Salgadinho (8); Salgado de S\u00e3o Felix (40); Santa Cec\u00edlia (8); Santa Cruz (2); Santa Helena (2); Santa In\u00eas (4);&nbsp; Santa Luzia (103); Santa Rita (822); Santa Terezinha (20); Santana dos Garrotes (2); Santo Andr\u00e9 (1); S\u00e3o Bentinho (13); S\u00e3o Bento (351); S\u00e3o Francisco (6);&nbsp; S\u00e3o Jo\u00e3o do Cariri (11); S\u00e3o Jo\u00e3o do Rio do Peixe (23); S\u00e3o Jo\u00e3o do Tigre (1); S\u00e3o Jos\u00e9 da Lagoa Tapada (15); S\u00e3o Jos\u00e9 de Caiana (20); S\u00e3o Jos\u00e9 de Espinharas (5); S\u00e3o Jos\u00e9 de Piranhas (12); S\u00e3o Jos\u00e9 do Bonfim (20); S\u00e3o Jos\u00e9 do Sabugi (86); S\u00e3o Jos\u00e9 dos Cordeiros (3); S\u00e3o Jos\u00e9 dos Ramos (28); S\u00e3o Mamede (19); S\u00e3o Miguel de Taipu (51); S\u00e3o Sebasti\u00e3o de Lagoa de Ro\u00e7a (62); S\u00e3o Sebasti\u00e3o do Umbuzeiro (4); S\u00e3o Vicente do Serid\u00f3 (18); Sap\u00e9 (301); Serra Branca (9); Serra da Ra\u00edz (12); Serra Grande (1); Serra Redonda (73); Serraria (20); Sert\u00e3ozinho (24); Sobrado (31); Sol\u00e2nea (102); Soledade (27); Sossego (1), Sousa (335); Sum\u00e9 (25); Tacima (32); Tapero\u00e1 (35); Tavares (8); Teixeira (28); Ten\u00f3rio (2); Uira\u00fana (8); Umbuzeiro (17); V\u00e1rzea (1); Vieir\u00f3polis (3); Vista Serrana (1).<\/p>\n\n\n\n<p>*Dados Oficiais preliminares (fonte e-sus VE e SIVEP) extra\u00eddos \u00e0s 10h do dia 10\/06, sujeitos a revis\u00e3o.<\/p>\n\n\n\n<p>25 \u00f3bitos foram confirmados, sendo 01 deles ocorrido nas \u00faltimas 24h. Com isto, a Para\u00edba j\u00e1 registra 559 mortes pela Covid-19.<\/p>\n\n\n\n<p>-Mulher, 94 anos, residente em Alagoa Grande. Diab\u00e9tica, cardiopata, portadora de doen\u00e7a neurol\u00f3gica e respirat\u00f3ria. In\u00edcio dos sintomas em 15\/05. Veio a \u00f3bito em hospital privado no dia 26\/05.<\/p>\n\n\n\n<p>-Mulher, 62 anos, residente em Alagoa Grande. Hipertensa, cardiopata. in\u00edcio dos sintomas em 27\/05, veio a \u00f3bito em hospital p\u00fablico no dia 02\/06.<\/p>\n\n\n\n<p>-Homem, 76 anos, residente em Alagoinha. Hipertenso. In\u00edcio dos sintomas em 08\/06, veio a \u00f3bito em hospital p\u00fablico no dia 09\/06.<\/p>\n\n\n\n<p>-Mulher, 75 anos, residente em Bayeux. sem informa\u00e7\u00e3o de comorbidade. In\u00edcio dos sintomas em 15\/05, veio a \u00f3bito em hospital p\u00fablico no dia 05\/06.<\/p>\n\n\n\n<p>-Mulher, 79 anos, residente em Bayeux. Portadora de doen\u00e7a neurol\u00f3gica. In\u00edcio dos sintomas em 14\/05, veio a \u00f3bito em hospital p\u00fablico no dia 03\/06.<\/p>\n\n\n\n<p>-Homem, 58 anos, residente em Bayeux. Obeso, cardiopata e portador de doen\u00e7a hep\u00e1tica e varizes de es\u00f4fago. In\u00edcio dos sintomas em 24\/05, veio a \u00f3bito em hospital p\u00fablico no dia 31\/05.<\/p>\n\n\n\n<p>-Homem, 93 anos, residente em Bayeux. Portador de doen\u00e7a neurol\u00f3gica. In\u00edcio dos sintomas em 26\/05, veio a \u00f3bito em hospital p\u00fablico no dia 04\/06.<\/p>\n\n\n\n<p>-Homem, 73 anos, residente em Bayeux. Hipertenso, in\u00edcio dos sintomas em 10\/05, veio a \u00f3bito em hospital p\u00fablico no dia 05\/06.<\/p>\n\n\n\n<p>-Homem, 47 anos, residente em Caapor\u00e3. Hipertenso. In\u00edcio dos sintomas em 18\/05, veio a \u00f3bito em hospital p\u00fablico no dia 08\/06.<\/p>\n\n\n\n<p>-Mulher, 50 anos, residente em Campina Grande. Obesa e Tabagista. In\u00edcio dos sintomas em 21\/05, veio a \u00f3bito em hospital p\u00fablico no dia 03\/06.<\/p>\n\n\n\n<p>-Mulher, 74 anos, residente em campina Grande. Diab\u00e9tica e cardiopata. In\u00edcio dos sintomas em 17\/05, veio a \u00f3bito em hospital p\u00fablico no dia 31\/05<\/p>\n\n\n\n<p>-Mulher, 84 anos, residente em Catingueira. Cardiopata. Apresentou in\u00edcio dos sintomas em 12\/05 e veio a \u00f3bito em hospital p\u00fablico no dia 28\/05.<\/p>\n\n\n\n<p>-Mulher, 70 anos, residente em Guarabira. Hipertensa. In\u00edcio dos sintomas em 07\/05, veio a \u00f3bito em hospital P\u00fablico no dia 31\/05.<\/p>\n\n\n\n<p>-Homem, 65 anos, residente em Guarabira. Sem comorbidades informada. In\u00edcio dos sintomas no dia 13\/05 e veio a \u00f3bito em hospital p\u00fablico no dia 03\/06.<\/p>\n\n\n\n<p>-Homem, 79 anos, residente em Guarabira. Hipertenso. In\u00edcio dos sintomas em 07\/05, veio a \u00f3bito em hospital p\u00fablico no dia 06\/06.<\/p>\n\n\n\n<p>-Homem, 78 anos, residente em Jo\u00e3o Pessoa. Diab\u00e9tico, tabagista e etilista. In\u00edcio dos sintomas em 14\/05, veio a \u00f3bito em hospital p\u00fablico no dia 22\/05.<\/p>\n\n\n\n<p>-Mulher, 81 anos, residente em Mamanguape. Portadora de doen\u00e7a renal. In\u00edcio dos sintomas em 09\/05, veio a \u00f3bito em hospital p\u00fablico no dia 27\/05.<\/p>\n\n\n\n<p>-Mulher, 54 anos, residente em Mamanguape. Sem comorbidade informada. In\u00edcio dos sintomas em 24\/05, veio a \u00f3bito em hospital p\u00fablico no dia 30\/05.<\/p>\n\n\n\n<p>-Mulher, 91 anos, residente em Patos. Portadora de doen\u00e7a neurol\u00f3gica. In\u00edcio dos sintomas em 03\/06, veio a \u00f3bito no dia 08\/06 em hospital p\u00fablico.<\/p>\n\n\n\n<p>-Homem, 49 anos, residente em Patos. Hipertenso e diab\u00e9tico. In\u00edcio dos sintomas em 14\/05, veio a \u00f3bito em hospital p\u00fablico no dia 07\/06<\/p>\n\n\n\n<p>-Mulher, 40 anos, residente em Patos. Sem informa\u00e7\u00e3o de comorbidade. Inicio dos sintomas em 04\/06, veio a \u00f3bito em hospital p\u00fablico no dia 06\/06<\/p>\n\n\n\n<p>-Mulher, 93 anos, residente em Patos. Sem informa\u00e7\u00e3o de comorbidade. In\u00edcio dos sintomas em 17\/05, veio a \u00f3bito em hospital p\u00fablico em 06\/06<\/p>\n\n\n\n<p>-Homem, 75 anos, residente em Paulista. Diab\u00e9tico, obeso e cardiopata. In\u00edcio dos sintomas em 12\/05, veio a \u00f3bito em hospital p\u00fablico no dia 29\/05.<\/p>\n\n\n\n<p>-Mulher, 42 anos, residente em Santa Rita. Hipertensa e obesa. In\u00edcio dos sintomas em 01\/06, veio a \u00f3bito em hospital p\u00fablico no dia 05\/06.<\/p>\n\n\n\n<p>-Mulher, 79 anos, residente em Santa Rita. Cardiopata. In\u00edcio dos sintomas em 10\/05, veio a \u00f3bito em hospital privado em 21\/05.<\/p>\n\n\n\n<p>Os dados epidemiol\u00f3gicos e de ocupa\u00e7\u00e3o de leitos podem ser visualizados em paraiba.pb.gov.br\/coronavirus<\/p>\n","protected":false},"excerpt":{"rendered":"<p>A Secretaria de Estado da Sa\u00fade divulgou, nesta quarta-feira, 10, novo boletim epidemiol\u00f3gico com os novos casos confirmados e mortes por coronav\u00edrus nas \u00faltimas 24&hellip; <\/p>\n","protected":false},"author":2,"featured_media":173682,"comment_status":"closed","ping_status":"closed","sticky":false,"template":"","format":"standard","meta":{"sfsi_plus_gutenberg_text_before_share":"","sfsi_plus_gutenberg_show_text_before_share":"","sfsi_plus_gutenberg_icon_type":"","sfsi_plus_gutenberg_icon_alignemt":"","sfsi_plus_gutenburg_max_per_row":"","footnotes":""},"categories":[2],"tags":[],"class_list":["post-173681","post","type-post","status-publish","format-standard","has-post-thumbnail","hentry","category-geral"],"_links":{"self":[{"href":"https:\/\/www.caririemacao.com\/1\/wp-json\/wp\/v2\/posts\/173681","targetHints":{"allow":["GET"]}}],"collection":[{"href":"https:\/\/www.caririemacao.com\/1\/wp-json\/wp\/v2\/posts"}],"about":[{"href":"https:\/\/www.caririemacao.com\/1\/wp-json\/wp\/v2\/types\/post"}],"author":[{"embeddable":true,"href":"https:\/\/www.caririemacao.com\/1\/wp-json\/wp\/v2\/users\/2"}],"replies":[{"embeddable":true,"href":"https:\/\/www.caririemacao.com\/1\/wp-json\/wp\/v2\/comments?post=173681"}],"version-history":[{"count":1,"href":"https:\/\/www.caririemacao.com\/1\/wp-json\/wp\/v2\/posts\/173681\/revisions"}],"predecessor-version":[{"id":173683,"href":"https:\/\/www.caririemacao.com\/1\/wp-json\/wp\/v2\/posts\/173681\/revisions\/173683"}],"wp:featuredmedia":[{"embeddable":true,"href":"https:\/\/www.caririemacao.com\/1\/wp-json\/wp\/v2\/media\/173682"}],"wp:attachment":[{"href":"https:\/\/www.caririemacao.com\/1\/wp-json\/wp\/v2\/media?parent=173681"}],"wp:term":[{"taxonomy":"category","embeddable":true,"href":"https:\/\/www.caririemacao.com\/1\/wp-json\/wp\/v2\/categories?post=173681"},{"taxonomy":"post_tag","embeddable":true,"href":"https:\/\/www.caririemacao.com\/1\/wp-json\/wp\/v2\/tags?post=173681"}],"curies":[{"name":"wp","href":"https:\/\/api.w.org\/{rel}","templated":true}]}}