{"id":173689,"date":"2020-06-11T06:14:10","date_gmt":"2020-06-11T09:14:10","guid":{"rendered":"https:\/\/www.caririemacao.com\/1\/?p=173689"},"modified":"2020-06-11T06:14:10","modified_gmt":"2020-06-11T09:14:10","slug":"governador-revela-data-do-plano-que-ira-orientar-a-retomada-gradual-da-economia","status":"publish","type":"post","link":"https:\/\/www.caririemacao.com\/1\/2020\/06\/11\/governador-revela-data-do-plano-que-ira-orientar-a-retomada-gradual-da-economia\/","title":{"rendered":"Governador revela data do Plano que ir\u00e1 orientar a retomada gradual da economia"},"content":{"rendered":"\n<h1 class=\"wp-block-heading\"><\/h1>\n\n\n\n<p>O governador Jo\u00e3o Azev\u00eado (Cidadania) vai divulgar nesta sexta feira (12) o detalhamento da matriz de orienta\u00e7\u00e3o para retomada gradual da economia em todos os munic\u00edpios paraibanos.<\/p>\n\n\n\n<p>O modelo \u00e9 orientador e auxiliar\u00e1 os munic\u00edpios na tomada de decis\u00e3o para flexibiliza\u00e7\u00e3o, uma vez que indicar\u00e1 em qual fase da retomada est\u00e1 cada munic\u00edpio, sinalizando quais tipos de atividades j\u00e1 podem funcionar parcial ou totalmente.<\/p>\n\n\n\n<p>A matriz foi desenvolvida pela Secretaria de Estado Sa\u00fade e pela Controladoria Geral do Estado e \u00e9 baseada em indicadores, a exemplo da quantidade percentual de novos casos e \u00f3bitos, ocupa\u00e7\u00e3o da rede hospitalar da regi\u00e3o e percentual de isolamento social.<\/p>\n\n\n\n<p>O modelo analisa um per\u00edodo referente a 14 dias, o qual resulta em uma bandeira com cor indicativa sobre quais as atividades que o munic\u00edpio poder\u00e1 flexibilizar.<\/p>\n\n\n\n<p>\u201cToda a matriz estar\u00e1 dispon\u00edvel no site do Governo do Estado e indicar\u00e1 em qual bandeira est\u00e1 cada um dos 223 munic\u00edpios. A partir disso, os gestores municipais dever\u00e3o tomar as decis\u00f5es sobre seus pr\u00f3prios decretos de flexibiliza\u00e7\u00e3o e assumir a fiscaliza\u00e7\u00e3o\u201d, afirmou o secret\u00e1rio chefe da Controladoria Geral do Estado, Let\u00e1cio Guedes Junior.<\/p>\n\n\n\n<p>O Governo do Estado manteve di\u00e1logo com v\u00e1rios segmentos sociais, de trabalhadores, religiosos e o setor produtivo de um modo geral, consolidando um documento \u00fanico e norteador de como poder\u00e1 retomar as atividades, considerando o risco para a popula\u00e7\u00e3o, uma vez que o v\u00edrus apresenta alta transmissibilidade.<\/p>\n\n\n\n<p>Nesta quarta-feira (10), a Para\u00edba tem 24.032 casos confirmados e 559 \u00f3bitos causados pela Covid-19.<\/p>\n\n\n\n<p>A taxa de ocupa\u00e7\u00e3o de leitos \u00e9 de 69% e mant\u00e9m a m\u00e9dia de 40% de \u00edndice de isolamento social.<\/p>\n","protected":false},"excerpt":{"rendered":"<p>O governador Jo\u00e3o Azev\u00eado (Cidadania) vai divulgar nesta sexta feira (12) o detalhamento da matriz de orienta\u00e7\u00e3o para retomada gradual da economia em todos os&hellip; <\/p>\n","protected":false},"author":2,"featured_media":173690,"comment_status":"closed","ping_status":"closed","sticky":false,"template":"","format":"standard","meta":{"sfsi_plus_gutenberg_text_before_share":"","sfsi_plus_gutenberg_show_text_before_share":"","sfsi_plus_gutenberg_icon_type":"","sfsi_plus_gutenberg_icon_alignemt":"","sfsi_plus_gutenburg_max_per_row":"","footnotes":""},"categories":[2],"tags":[],"class_list":["post-173689","post","type-post","status-publish","format-standard","has-post-thumbnail","hentry","category-geral"],"_links":{"self":[{"href":"https:\/\/www.caririemacao.com\/1\/wp-json\/wp\/v2\/posts\/173689","targetHints":{"allow":["GET"]}}],"collection":[{"href":"https:\/\/www.caririemacao.com\/1\/wp-json\/wp\/v2\/posts"}],"about":[{"href":"https:\/\/www.caririemacao.com\/1\/wp-json\/wp\/v2\/types\/post"}],"author":[{"embeddable":true,"href":"https:\/\/www.caririemacao.com\/1\/wp-json\/wp\/v2\/users\/2"}],"replies":[{"embeddable":true,"href":"https:\/\/www.caririemacao.com\/1\/wp-json\/wp\/v2\/comments?post=173689"}],"version-history":[{"count":1,"href":"https:\/\/www.caririemacao.com\/1\/wp-json\/wp\/v2\/posts\/173689\/revisions"}],"predecessor-version":[{"id":173691,"href":"https:\/\/www.caririemacao.com\/1\/wp-json\/wp\/v2\/posts\/173689\/revisions\/173691"}],"wp:featuredmedia":[{"embeddable":true,"href":"https:\/\/www.caririemacao.com\/1\/wp-json\/wp\/v2\/media\/173690"}],"wp:attachment":[{"href":"https:\/\/www.caririemacao.com\/1\/wp-json\/wp\/v2\/media?parent=173689"}],"wp:term":[{"taxonomy":"category","embeddable":true,"href":"https:\/\/www.caririemacao.com\/1\/wp-json\/wp\/v2\/categories?post=173689"},{"taxonomy":"post_tag","embeddable":true,"href":"https:\/\/www.caririemacao.com\/1\/wp-json\/wp\/v2\/tags?post=173689"}],"curies":[{"name":"wp","href":"https:\/\/api.w.org\/{rel}","templated":true}]}}