{"id":173693,"date":"2020-06-11T06:16:54","date_gmt":"2020-06-11T09:16:54","guid":{"rendered":"https:\/\/www.caririemacao.com\/1\/?p=173693"},"modified":"2020-06-11T06:16:54","modified_gmt":"2020-06-11T09:16:54","slug":"motorista-perde-controle-de-veiculo-em-rodovia-capota-e-cai-em-acude-na-paraiba","status":"publish","type":"post","link":"https:\/\/www.caririemacao.com\/1\/2020\/06\/11\/motorista-perde-controle-de-veiculo-em-rodovia-capota-e-cai-em-acude-na-paraiba\/","title":{"rendered":"Motorista perde controle de ve\u00edculo em rodovia, capota e cai em a\u00e7ude na Para\u00edba"},"content":{"rendered":"\n<h1 class=\"wp-block-heading\"><\/h1>\n\n\n\n<p>Um ve\u00edculo capotou e caiu em um a\u00e7ude pr\u00f3ximo \u00e0 rodovia BR-230, sentido Campina Grande Jo\u00e3o Pessoa, nesta quarta-feira (10). O motorista perdeu o controle do autom\u00f3vel e saiu da pista,&nbsp;pr\u00f3ximo ao Caj\u00e1.&nbsp;<\/p>\n\n\n\n<p>O ve\u00edculo, identificado como um Hyundai Veloster, saiu da pista e capotou at\u00e9 cair em um a\u00e7ude.<\/p>\n\n\n\n<p>Com o motorista, estava apenas um passageiro. Apesar do acidente, as v\u00edtimas sofreram apenas les\u00f5es leves.<\/p>\n\n\n\n<p>A Pol\u00edcia Rodovi\u00e1ria Federal esteve no local para prestar socorro.<\/p>\n\n\n\n<p>Confira abaixo imagens do ve\u00edculo capotado no a\u00e7ude:<\/p>\n\n\n\n<figure class=\"wp-block-image\"><img decoding=\"async\" data-src=\"https:\/\/www.clickpb.com.br\/media\/filer_public\/a9\/93\/a993b272-86ce-4be8-a48f-5820a5fe9d56\/whatsapp_image_2020-06-10_at_173226.jpeg\" alt=\"\" src=\"data:image\/svg+xml;base64,PHN2ZyB3aWR0aD0iMSIgaGVpZ2h0PSIxIiB4bWxucz0iaHR0cDovL3d3dy53My5vcmcvMjAwMC9zdmciPjwvc3ZnPg==\" class=\"lazyload\" \/><\/figure>\n\n\n\n<figure class=\"wp-block-image\"><img decoding=\"async\" data-src=\"https:\/\/www.clickpb.com.br\/media\/filer_public\/aa\/94\/aa9409f4-f0f6-4087-950c-9e31dd76a240\/whatsapp_image_2020-06-10_at_173214.jpeg\" alt=\"\" src=\"data:image\/svg+xml;base64,PHN2ZyB3aWR0aD0iMSIgaGVpZ2h0PSIxIiB4bWxucz0iaHR0cDovL3d3dy53My5vcmcvMjAwMC9zdmciPjwvc3ZnPg==\" class=\"lazyload\" \/><\/figure>\n","protected":false},"excerpt":{"rendered":"<p>Um ve\u00edculo capotou e caiu em um a\u00e7ude pr\u00f3ximo \u00e0 rodovia BR-230, sentido Campina Grande Jo\u00e3o Pessoa, nesta quarta-feira (10). O motorista perdeu o controle&hellip; <\/p>\n","protected":false},"author":2,"featured_media":173695,"comment_status":"closed","ping_status":"closed","sticky":false,"template":"","format":"standard","meta":{"sfsi_plus_gutenberg_text_before_share":"","sfsi_plus_gutenberg_show_text_before_share":"","sfsi_plus_gutenberg_icon_type":"","sfsi_plus_gutenberg_icon_alignemt":"","sfsi_plus_gutenburg_max_per_row":"","footnotes":""},"categories":[2],"tags":[],"class_list":["post-173693","post","type-post","status-publish","format-standard","has-post-thumbnail","hentry","category-geral"],"_links":{"self":[{"href":"https:\/\/www.caririemacao.com\/1\/wp-json\/wp\/v2\/posts\/173693","targetHints":{"allow":["GET"]}}],"collection":[{"href":"https:\/\/www.caririemacao.com\/1\/wp-json\/wp\/v2\/posts"}],"about":[{"href":"https:\/\/www.caririemacao.com\/1\/wp-json\/wp\/v2\/types\/post"}],"author":[{"embeddable":true,"href":"https:\/\/www.caririemacao.com\/1\/wp-json\/wp\/v2\/users\/2"}],"replies":[{"embeddable":true,"href":"https:\/\/www.caririemacao.com\/1\/wp-json\/wp\/v2\/comments?post=173693"}],"version-history":[{"count":1,"href":"https:\/\/www.caririemacao.com\/1\/wp-json\/wp\/v2\/posts\/173693\/revisions"}],"predecessor-version":[{"id":173696,"href":"https:\/\/www.caririemacao.com\/1\/wp-json\/wp\/v2\/posts\/173693\/revisions\/173696"}],"wp:featuredmedia":[{"embeddable":true,"href":"https:\/\/www.caririemacao.com\/1\/wp-json\/wp\/v2\/media\/173695"}],"wp:attachment":[{"href":"https:\/\/www.caririemacao.com\/1\/wp-json\/wp\/v2\/media?parent=173693"}],"wp:term":[{"taxonomy":"category","embeddable":true,"href":"https:\/\/www.caririemacao.com\/1\/wp-json\/wp\/v2\/categories?post=173693"},{"taxonomy":"post_tag","embeddable":true,"href":"https:\/\/www.caririemacao.com\/1\/wp-json\/wp\/v2\/tags?post=173693"}],"curies":[{"name":"wp","href":"https:\/\/api.w.org\/{rel}","templated":true}]}}