{"id":173698,"date":"2020-06-11T06:20:20","date_gmt":"2020-06-11T09:20:20","guid":{"rendered":"https:\/\/www.caririemacao.com\/1\/?p=173698"},"modified":"2020-06-11T06:20:20","modified_gmt":"2020-06-11T09:20:20","slug":"homem-e-preso-suspeito-de-maus-tratos-a-mae-de-96-anos-e-policia-apreende-r-23-mil-arma-e-drogas-em-sua-casa-na-cidade-de-mari","status":"publish","type":"post","link":"https:\/\/www.caririemacao.com\/1\/2020\/06\/11\/homem-e-preso-suspeito-de-maus-tratos-a-mae-de-96-anos-e-policia-apreende-r-23-mil-arma-e-drogas-em-sua-casa-na-cidade-de-mari\/","title":{"rendered":"Homem \u00e9 preso suspeito de maus-tratos a m\u00e3e de 96 anos e pol\u00edcia apreende R$ 23 mil, arma e drogas em sua casa, na cidade de Mari"},"content":{"rendered":"\n<h1 class=\"wp-block-heading\"><\/h1>\n\n\n\n<p>Durante uma a\u00e7\u00e3o para verificar a den\u00fancia de que uma idosa de 96 anos estaria sofrendo maus-tratos, na cidade de Mari, a&nbsp;Pol\u00edcia Militar apreendeu um rev\u00f3lver,&nbsp;quase R$ 23 mil e drogas, em uma casa, na manh\u00e3 desta quarta-feira (10).&nbsp;O material estava com o filho, de 70 anos, que foi encontrado em um dos quartos da resid\u00eancia. Ele \u00e9 ex-presidi\u00e1rio e j\u00e1 cumpriu 16 anos de pena por latroc\u00ednio (roubo seguido de morte).<\/p>\n\n\n\n<p>A a\u00e7\u00e3o foi realizada por equipes do Motopatrulhamento Comunit\u00e1rio do Batalh\u00e3o Especializado em Policiamento com Motocicletas (BEPMotos), que a princ\u00edpio n\u00e3o confirmaram a exist\u00eancia de maus-tratos contra a m\u00e3e do suspeito.<\/p>\n\n\n\n<p>A arma foi localizada na cabeceira da cama dele, a droga estava em uma c\u00f4moda e o dinheiro foi encontrado dentro de uma bolsa.&nbsp;<\/p>\n\n\n\n<p>Ele alegou que o valor n\u00e3o \u00e9 de origem il\u00edcita, o que ficou de ser comprovado na delegacia.<\/p>\n\n\n\n<p>O caso foi levado para a Central de Pol\u00edcia, em Jo\u00e3o Pessoa.<\/p>\n","protected":false},"excerpt":{"rendered":"<p>Durante uma a\u00e7\u00e3o para verificar a den\u00fancia de que uma idosa de 96 anos estaria sofrendo maus-tratos, na cidade de Mari, a&nbsp;Pol\u00edcia Militar apreendeu um&hellip; <\/p>\n","protected":false},"author":2,"featured_media":173699,"comment_status":"closed","ping_status":"closed","sticky":false,"template":"","format":"standard","meta":{"sfsi_plus_gutenberg_text_before_share":"","sfsi_plus_gutenberg_show_text_before_share":"","sfsi_plus_gutenberg_icon_type":"","sfsi_plus_gutenberg_icon_alignemt":"","sfsi_plus_gutenburg_max_per_row":"","footnotes":""},"categories":[2],"tags":[],"class_list":["post-173698","post","type-post","status-publish","format-standard","has-post-thumbnail","hentry","category-geral"],"_links":{"self":[{"href":"https:\/\/www.caririemacao.com\/1\/wp-json\/wp\/v2\/posts\/173698","targetHints":{"allow":["GET"]}}],"collection":[{"href":"https:\/\/www.caririemacao.com\/1\/wp-json\/wp\/v2\/posts"}],"about":[{"href":"https:\/\/www.caririemacao.com\/1\/wp-json\/wp\/v2\/types\/post"}],"author":[{"embeddable":true,"href":"https:\/\/www.caririemacao.com\/1\/wp-json\/wp\/v2\/users\/2"}],"replies":[{"embeddable":true,"href":"https:\/\/www.caririemacao.com\/1\/wp-json\/wp\/v2\/comments?post=173698"}],"version-history":[{"count":1,"href":"https:\/\/www.caririemacao.com\/1\/wp-json\/wp\/v2\/posts\/173698\/revisions"}],"predecessor-version":[{"id":173700,"href":"https:\/\/www.caririemacao.com\/1\/wp-json\/wp\/v2\/posts\/173698\/revisions\/173700"}],"wp:featuredmedia":[{"embeddable":true,"href":"https:\/\/www.caririemacao.com\/1\/wp-json\/wp\/v2\/media\/173699"}],"wp:attachment":[{"href":"https:\/\/www.caririemacao.com\/1\/wp-json\/wp\/v2\/media?parent=173698"}],"wp:term":[{"taxonomy":"category","embeddable":true,"href":"https:\/\/www.caririemacao.com\/1\/wp-json\/wp\/v2\/categories?post=173698"},{"taxonomy":"post_tag","embeddable":true,"href":"https:\/\/www.caririemacao.com\/1\/wp-json\/wp\/v2\/tags?post=173698"}],"curies":[{"name":"wp","href":"https:\/\/api.w.org\/{rel}","templated":true}]}}