{"id":173702,"date":"2020-06-11T06:23:07","date_gmt":"2020-06-11T09:23:07","guid":{"rendered":"https:\/\/www.caririemacao.com\/1\/?p=173702"},"modified":"2020-06-11T06:23:07","modified_gmt":"2020-06-11T09:23:07","slug":"energisa-doa-alimentos-e-produtos-de-limpeza-para-entidades-paraibanas-que-cuidam-de-idosos","status":"publish","type":"post","link":"https:\/\/www.caririemacao.com\/1\/2020\/06\/11\/energisa-doa-alimentos-e-produtos-de-limpeza-para-entidades-paraibanas-que-cuidam-de-idosos\/","title":{"rendered":"Energisa doa alimentos e produtos de limpeza para entidades paraibanas que cuidam de idosos"},"content":{"rendered":"\n<h1 class=\"wp-block-heading\"><\/h1>\n\n\n\n<p>Essa semana, a Energisa, atrav\u00e9s do Movimento Energia do Bem, realizou a doa\u00e7\u00e3o de alimentos e material de limpeza e higiene pessoal para tr\u00eas institui\u00e7\u00f5es beneficentes que cuidam de idosos na Para\u00edba. Os insumos e demais produtos foram comprados a partir de doa\u00e7\u00f5es em dinheiro realizada pelos pr\u00f3prios colaboradores da distribuidora de energia, por meio de uma corrente de solidariedade, tendo como objetivo minimizar os impactos causados pela pandemia do COVID-19, em todo o pa\u00eds.&nbsp;<\/p>\n\n\n\n<p>A cada R$ 1&nbsp;real doado por um funcion\u00e1rio, a concession\u00e1ria investiria mais um real. Ao todo, na Para\u00edba, foram levantados cerca de R$ 15 mil reais, que beneficiaram tr\u00eas institui\u00e7\u00f5es que cuidam de idosos. A doa\u00e7\u00e3o foi realizada essa semana, beneficiando o Abrigo S\u00e3o Vicente de Paulo, em Guarabira, o Lar dos Velhinhos, em Patos e o Abrigo Jesus, Maria e Jos\u00e9, em Sousa.&nbsp;&nbsp;<\/p>\n\n\n\n<p>Em contato com as institui\u00e7\u00f5es, eles puderam levantar uma lista com o que cada uma mais precisava. Com os valores doados os respons\u00e1veis por cada entidade foram a supermercados e farm\u00e1cias locais para adquirir o material necess\u00e1rio, fazendo tamb\u00e9m girar economia na pr\u00f3pria regi\u00e3o. A compra foi realizada com o apoio de colaboradores da Energisa.<\/p>\n\n\n\n<p>\u201cFicamos muito orgulhosos com a participa\u00e7\u00e3o e engajamento dos nossos colaboradores. Nesse momento t\u00e3o dif\u00edcil para toda sociedade, cada contribui\u00e7\u00e3o tem grande valor\u201d, comenta Ricardo Charbel, diretor-presidente da Energisa na Para\u00edba.<\/p>\n\n\n\n<p><strong>Sobre o Movimento Energia do Bem<\/strong><br>&nbsp;<br>O Grupo Energisa, por meio do movimento \u201cEnergia do Bem\u201d, j\u00e1 doou R$ 5 milh\u00f5es a 12 iniciativas nos 11 estados onde a empresa atua na distribui\u00e7\u00e3o de energia. Entre elas, est\u00e1 a aquisi\u00e7\u00e3o de 11 respiradores pulmonares para hospitais de Minas Gerias e Sergipe e 11 aspiradores port\u00e1teis ao Hospital da Crian\u00e7a no Acre.<br>&nbsp;<br>\u201cEssa \u00e9 uma das muitas frentes de uma ampla rede de solidariedade liderada pela empresa, em parceria com entidades como Senai, CNI, IEL, FIEMG, Unesco, entre outras. O nosso objetivo conjunto \u00e9 contribuir para minimizar o impacto da pandemia de Covid-19 por meio de a\u00e7\u00f5es nas \u00e1reas de sa\u00fade, assist\u00eancia social, educa\u00e7\u00e3o, preven\u00e7\u00e3o, cultura e comunica\u00e7\u00e3o, entre outras\u201d, destacou Daniele Salom\u00e3o, vice-presidente de Pessoas e Gest\u00e3o da Energisa.<br>&nbsp;<br>Na frente de sa\u00fade e assist\u00eancia social, a Energisa liderou uma campanha de financiamento coletivo em apoio a institui\u00e7\u00f5es que cuidam de idosos e crian\u00e7as nos 11 estados nos quais atua na distribui\u00e7\u00e3o de energia. Em parceria com a plataforma Evo\u00e9, a campanha funcionou no modelo de matchfunding, no qual para cada R$ 1 doado, a Energisa aportou mais R$ 1 at\u00e9 atingir a quantia de R$ 125 mil.<br>&nbsp;<br>A proposta do Movimento Energia do Bem \u00e9 viabilizar a\u00e7\u00f5es emergenciais que ajudem a superar a crise humanit\u00e1ria provocada pela doen\u00e7a. Trata-se de uma rede de atua\u00e7\u00e3o org\u00e2nica, que j\u00e1 re\u00fane 13 parceiros, envolvidos em iniciativas que incluem doa\u00e7\u00e3o e manuten\u00e7\u00e3o de ventiladores pulmonares, obras el\u00e9tricas em unidades p\u00fablicas de sa\u00fade e capta\u00e7\u00e3o de recursos para assist\u00eancia a idosos. Tamb\u00e9m foi criado o portal Energia do Bem, com informa\u00e7\u00f5es confi\u00e1veis sobre a doen\u00e7a e conte\u00fado para reduzir os impactos do isolamento social.<\/p>\n\n\n\n<figure class=\"wp-block-image\"><img decoding=\"async\" data-src=\"https:\/\/www.clickpb.com.br\/media\/filer_public\/82\/69\/8269058b-9516-4738-8881-212938f4b958\/whatsapp_image_2020-06-10_at_154258.jpeg\" alt=\"\" src=\"data:image\/svg+xml;base64,PHN2ZyB3aWR0aD0iMSIgaGVpZ2h0PSIxIiB4bWxucz0iaHR0cDovL3d3dy53My5vcmcvMjAwMC9zdmciPjwvc3ZnPg==\" class=\"lazyload\" \/><\/figure>\n\n\n\n<figure class=\"wp-block-image\"><img decoding=\"async\" data-src=\"https:\/\/www.clickpb.com.br\/media\/filer_public\/ca\/c1\/cac1a5c9-96ad-40d6-b634-608682f9ab78\/whatsapp_image_2020-06-10_at_154258_1.jpeg\" alt=\"\" src=\"data:image\/svg+xml;base64,PHN2ZyB3aWR0aD0iMSIgaGVpZ2h0PSIxIiB4bWxucz0iaHR0cDovL3d3dy53My5vcmcvMjAwMC9zdmciPjwvc3ZnPg==\" class=\"lazyload\" \/><\/figure>\n\n\n\n<figure class=\"wp-block-image\"><img decoding=\"async\" data-src=\"https:\/\/www.clickpb.com.br\/media\/filer_public\/13\/bb\/13bb4595-bbe8-47a7-98f8-0d79fd205f8a\/whatsapp_image_2020-06-10_at_154259.jpeg\" alt=\"\" src=\"data:image\/svg+xml;base64,PHN2ZyB3aWR0aD0iMSIgaGVpZ2h0PSIxIiB4bWxucz0iaHR0cDovL3d3dy53My5vcmcvMjAwMC9zdmciPjwvc3ZnPg==\" class=\"lazyload\" \/><\/figure>\n","protected":false},"excerpt":{"rendered":"<p>Essa semana, a Energisa, atrav\u00e9s do Movimento Energia do Bem, realizou a doa\u00e7\u00e3o de alimentos e material de limpeza e higiene pessoal para tr\u00eas institui\u00e7\u00f5es&hellip; <\/p>\n","protected":false},"author":2,"featured_media":173703,"comment_status":"closed","ping_status":"closed","sticky":false,"template":"","format":"standard","meta":{"sfsi_plus_gutenberg_text_before_share":"","sfsi_plus_gutenberg_show_text_before_share":"","sfsi_plus_gutenberg_icon_type":"","sfsi_plus_gutenberg_icon_alignemt":"","sfsi_plus_gutenburg_max_per_row":"","footnotes":""},"categories":[50,2],"tags":[],"class_list":["post-173702","post","type-post","status-publish","format-standard","has-post-thumbnail","hentry","category-destaque","category-geral"],"_links":{"self":[{"href":"https:\/\/www.caririemacao.com\/1\/wp-json\/wp\/v2\/posts\/173702","targetHints":{"allow":["GET"]}}],"collection":[{"href":"https:\/\/www.caririemacao.com\/1\/wp-json\/wp\/v2\/posts"}],"about":[{"href":"https:\/\/www.caririemacao.com\/1\/wp-json\/wp\/v2\/types\/post"}],"author":[{"embeddable":true,"href":"https:\/\/www.caririemacao.com\/1\/wp-json\/wp\/v2\/users\/2"}],"replies":[{"embeddable":true,"href":"https:\/\/www.caririemacao.com\/1\/wp-json\/wp\/v2\/comments?post=173702"}],"version-history":[{"count":1,"href":"https:\/\/www.caririemacao.com\/1\/wp-json\/wp\/v2\/posts\/173702\/revisions"}],"predecessor-version":[{"id":173704,"href":"https:\/\/www.caririemacao.com\/1\/wp-json\/wp\/v2\/posts\/173702\/revisions\/173704"}],"wp:featuredmedia":[{"embeddable":true,"href":"https:\/\/www.caririemacao.com\/1\/wp-json\/wp\/v2\/media\/173703"}],"wp:attachment":[{"href":"https:\/\/www.caririemacao.com\/1\/wp-json\/wp\/v2\/media?parent=173702"}],"wp:term":[{"taxonomy":"category","embeddable":true,"href":"https:\/\/www.caririemacao.com\/1\/wp-json\/wp\/v2\/categories?post=173702"},{"taxonomy":"post_tag","embeddable":true,"href":"https:\/\/www.caririemacao.com\/1\/wp-json\/wp\/v2\/tags?post=173702"}],"curies":[{"name":"wp","href":"https:\/\/api.w.org\/{rel}","templated":true}]}}