{"id":173706,"date":"2020-06-11T06:27:20","date_gmt":"2020-06-11T09:27:20","guid":{"rendered":"https:\/\/www.caririemacao.com\/1\/?p=173706"},"modified":"2020-06-11T06:27:20","modified_gmt":"2020-06-11T09:27:20","slug":"caixa-pagara-auxilio-emergencial-na-sexta-feira-e-no-sabado","status":"publish","type":"post","link":"https:\/\/www.caririemacao.com\/1\/2020\/06\/11\/caixa-pagara-auxilio-emergencial-na-sexta-feira-e-no-sabado\/","title":{"rendered":"Caixa pagar\u00e1 aux\u00edlio emerg\u00eancial na sexta-feira e no s\u00e1bado"},"content":{"rendered":"\n<h1 class=\"wp-block-heading\"><\/h1>\n\n\n\n<p>Com o feriado de Corpos Christi, nesta quinta-feira (11) os bancos n\u00e3o funcionam. As ag\u00eancias da Caixa Econ\u00f4mica Federal (CEF) ir\u00e3o retomar os pagamentos na&nbsp;sexta-feira (12),&nbsp;inclusive para o pagamento da segunda parcela do aux\u00edlio emergencial de R$ 600 para benefici\u00e1rios nascidos no m\u00eas de novembro.<\/p>\n\n\n\n<p>No s\u00e1bado (13), 680 ag\u00eancias far\u00e3o atendimento para o pagamento da segunda parcela do aux\u00edlio emergencial para benefici\u00e1rios nascidos em dezembro. No site da Caixa Econ\u00f4mica, h\u00e1 informa\u00e7\u00e3o da localiza\u00e7\u00e3o das ag\u00eancias. Tamb\u00e9m est\u00e3o na internet orienta\u00e7\u00f5es sobre o uso de aplicativos da Caixa para movimentar o dinheiro creditado.<\/p>\n\n\n\n<p>Tem direito ao aux\u00edlio pessoas que estejam desempregadas ou exer\u00e7am atividades que foram afetadas pela pandemia da covid-19 na condi\u00e7\u00e3o de trabalhador informal, microempreendedor individual (MEI), contribuinte individual da Previd\u00eancia Social e que perten\u00e7a \u00e0 fam\u00edlia cuja renda mensal por pessoa n\u00e3o ultrapasse meio sal\u00e1rio m\u00ednimo (R$ 522,50), ou cuja renda familiar total seja de at\u00e9 tr\u00eas sal\u00e1rios m\u00ednimos (R$ 3.135,00).<\/p>\n\n\n\n<p>Segundo o vice-presidente da Caixa para Rede de Varejo, Paulo Henrique Angelo, j\u00e1 foram pagos R$ 76,6 bilh\u00f5es a 58,6 milh\u00f5es de benefici\u00e1rios inscritos por meio do Cadastro \u00danico, do Programa Bolsa Fam\u00edlia, ou pelo site e pelos aplicativos da CEF.<\/p>\n\n\n\n<p>Em live no YouTube para atualiza\u00e7\u00e3o de n\u00fameros das opera\u00e7\u00f5es de pagamento, Paulo Henrique informou que o maior volume de pagamentos foi feito nas regi\u00f5es mais populosas: Sudeste (R$ 27,7 bilh\u00f5es) e Nordeste (R$ 27,4 bilh\u00f5es). No Norte, foram pagos R$ 8,3 bilh\u00f5es. No Sul, R$ 7,8 bilh\u00f5es. E no Centro-Oeste, R$ 5,4 bilh\u00f5es. S\u00e3o Paulo foi o estado que ficou com a maior propor\u00e7\u00e3o do dinheiro, 17,3%.<\/p>\n\n\n\n<p>Mais de 107 milh\u00f5es de pessoas se cadastraram para receber o benef\u00edcio, sendo que desse total, 59,2 milh\u00f5es foram considerados eleg\u00edveis, 42,7 milh\u00f5es ineleg\u00edveis, cinco milh\u00f5es e meio de pessoas est\u00e3o com a demanda em an\u00e1lise e 5,2 milh\u00f5es de pessoas que tiveram o pedido negado para receber o benef\u00edcio est\u00e3o em nova an\u00e1lise.<\/p>\n","protected":false},"excerpt":{"rendered":"<p>Com o feriado de Corpos Christi, nesta quinta-feira (11) os bancos n\u00e3o funcionam. As ag\u00eancias da Caixa Econ\u00f4mica Federal (CEF) ir\u00e3o retomar os pagamentos na&nbsp;sexta-feira&hellip; <\/p>\n","protected":false},"author":2,"featured_media":173707,"comment_status":"closed","ping_status":"closed","sticky":false,"template":"","format":"standard","meta":{"sfsi_plus_gutenberg_text_before_share":"","sfsi_plus_gutenberg_show_text_before_share":"","sfsi_plus_gutenberg_icon_type":"","sfsi_plus_gutenberg_icon_alignemt":"","sfsi_plus_gutenburg_max_per_row":"","footnotes":""},"categories":[2],"tags":[],"class_list":["post-173706","post","type-post","status-publish","format-standard","has-post-thumbnail","hentry","category-geral"],"_links":{"self":[{"href":"https:\/\/www.caririemacao.com\/1\/wp-json\/wp\/v2\/posts\/173706","targetHints":{"allow":["GET"]}}],"collection":[{"href":"https:\/\/www.caririemacao.com\/1\/wp-json\/wp\/v2\/posts"}],"about":[{"href":"https:\/\/www.caririemacao.com\/1\/wp-json\/wp\/v2\/types\/post"}],"author":[{"embeddable":true,"href":"https:\/\/www.caririemacao.com\/1\/wp-json\/wp\/v2\/users\/2"}],"replies":[{"embeddable":true,"href":"https:\/\/www.caririemacao.com\/1\/wp-json\/wp\/v2\/comments?post=173706"}],"version-history":[{"count":1,"href":"https:\/\/www.caririemacao.com\/1\/wp-json\/wp\/v2\/posts\/173706\/revisions"}],"predecessor-version":[{"id":173708,"href":"https:\/\/www.caririemacao.com\/1\/wp-json\/wp\/v2\/posts\/173706\/revisions\/173708"}],"wp:featuredmedia":[{"embeddable":true,"href":"https:\/\/www.caririemacao.com\/1\/wp-json\/wp\/v2\/media\/173707"}],"wp:attachment":[{"href":"https:\/\/www.caririemacao.com\/1\/wp-json\/wp\/v2\/media?parent=173706"}],"wp:term":[{"taxonomy":"category","embeddable":true,"href":"https:\/\/www.caririemacao.com\/1\/wp-json\/wp\/v2\/categories?post=173706"},{"taxonomy":"post_tag","embeddable":true,"href":"https:\/\/www.caririemacao.com\/1\/wp-json\/wp\/v2\/tags?post=173706"}],"curies":[{"name":"wp","href":"https:\/\/api.w.org\/{rel}","templated":true}]}}