{"id":173718,"date":"2020-06-11T06:34:14","date_gmt":"2020-06-11T09:34:14","guid":{"rendered":"https:\/\/www.caririemacao.com\/1\/?p=173718"},"modified":"2020-06-11T06:34:14","modified_gmt":"2020-06-11T09:34:14","slug":"paraiba-confirma-1-581-novos-casos-de-covid-19-e-25-obitos","status":"publish","type":"post","link":"https:\/\/www.caririemacao.com\/1\/2020\/06\/11\/paraiba-confirma-1-581-novos-casos-de-covid-19-e-25-obitos\/","title":{"rendered":"Para\u00edba confirma 1.581 novos casos de Covid-19 e 25 \u00f3bitos"},"content":{"rendered":"\n<h3 class=\"wp-block-heading\"><\/h3>\n\n\n\n<p><\/p>\n\n\n\n<hr class=\"wp-block-separator\"\/>\n\n\n\n<p>Nesta quarta-feira (10), a&nbsp;<strong>Para\u00edba<\/strong>&nbsp;registrou 1.581 novos casos de&nbsp;<a href=\"https:\/\/wscom.com.br\/covid-19-crm-pb-atesta-decisao-correta-tomada-ate-agora\/\" target=\"_blank\" rel=\"noreferrer noopener\">Covid-19<\/a>&nbsp;e 25 \u00f3bitos confirmados desde a \u00faltima atualiza\u00e7\u00e3o. S\u00e3o 24.032 pessoas que j\u00e1 contra\u00edram a doen\u00e7a, 5.090 que j\u00e1 se recuperaram e 559 faleceram. 70.100 testes para diagn\u00f3stico da Covid-19 j\u00e1 foram realizados, entre testes r\u00e1pidos e PCR<\/p>\n\n\n\n<p>A ocupa\u00e7\u00e3o total de leitos de UTI (adulto, pedi\u00e1trico e obst\u00e9trico) em todo o estado \u00e9 de 69%. Fazendo um recorte apenas dos leitos de UTI para adultos na Regi\u00e3o Metropolitana de Jo\u00e3o Pessoa, a taxa de ocupa\u00e7\u00e3o chega a 84%. Em Campina Grande, est\u00e3o ocupados 70% dos leitos de UTI adulto e no sert\u00e3o, 54% dos leitos de UTI para adultos.<\/p>\n\n\n\n<p>O \u00edndice de Isolamento Social foi de apenas 40,5%, considerado baixo em rela\u00e7\u00e3o \u00e0 meta de 70% e \u00e0 m\u00ednima de 50%, mesmo com a ado\u00e7\u00e3o de medidas r\u00edgidas na regi\u00e3o metropolitana de Jo\u00e3o Pessoa.<\/p>\n\n\n\n<p>Os casos confirmados est\u00e3o distribu\u00eddos por 207 dos 223 munic\u00edpios paraibanos.<\/p>\n","protected":false},"excerpt":{"rendered":"<p>Nesta quarta-feira (10), a&nbsp;Para\u00edba&nbsp;registrou 1.581 novos casos de&nbsp;Covid-19&nbsp;e 25 \u00f3bitos confirmados desde a \u00faltima atualiza\u00e7\u00e3o. S\u00e3o 24.032 pessoas que j\u00e1 contra\u00edram a doen\u00e7a, 5.090 que&hellip; <\/p>\n","protected":false},"author":2,"featured_media":173719,"comment_status":"closed","ping_status":"closed","sticky":false,"template":"","format":"standard","meta":{"sfsi_plus_gutenberg_text_before_share":"","sfsi_plus_gutenberg_show_text_before_share":"","sfsi_plus_gutenberg_icon_type":"","sfsi_plus_gutenberg_icon_alignemt":"","sfsi_plus_gutenburg_max_per_row":"","footnotes":""},"categories":[2],"tags":[],"class_list":["post-173718","post","type-post","status-publish","format-standard","has-post-thumbnail","hentry","category-geral"],"_links":{"self":[{"href":"https:\/\/www.caririemacao.com\/1\/wp-json\/wp\/v2\/posts\/173718","targetHints":{"allow":["GET"]}}],"collection":[{"href":"https:\/\/www.caririemacao.com\/1\/wp-json\/wp\/v2\/posts"}],"about":[{"href":"https:\/\/www.caririemacao.com\/1\/wp-json\/wp\/v2\/types\/post"}],"author":[{"embeddable":true,"href":"https:\/\/www.caririemacao.com\/1\/wp-json\/wp\/v2\/users\/2"}],"replies":[{"embeddable":true,"href":"https:\/\/www.caririemacao.com\/1\/wp-json\/wp\/v2\/comments?post=173718"}],"version-history":[{"count":1,"href":"https:\/\/www.caririemacao.com\/1\/wp-json\/wp\/v2\/posts\/173718\/revisions"}],"predecessor-version":[{"id":173720,"href":"https:\/\/www.caririemacao.com\/1\/wp-json\/wp\/v2\/posts\/173718\/revisions\/173720"}],"wp:featuredmedia":[{"embeddable":true,"href":"https:\/\/www.caririemacao.com\/1\/wp-json\/wp\/v2\/media\/173719"}],"wp:attachment":[{"href":"https:\/\/www.caririemacao.com\/1\/wp-json\/wp\/v2\/media?parent=173718"}],"wp:term":[{"taxonomy":"category","embeddable":true,"href":"https:\/\/www.caririemacao.com\/1\/wp-json\/wp\/v2\/categories?post=173718"},{"taxonomy":"post_tag","embeddable":true,"href":"https:\/\/www.caririemacao.com\/1\/wp-json\/wp\/v2\/tags?post=173718"}],"curies":[{"name":"wp","href":"https:\/\/api.w.org\/{rel}","templated":true}]}}