{"id":173723,"date":"2020-06-11T06:38:30","date_gmt":"2020-06-11T09:38:30","guid":{"rendered":"https:\/\/www.caririemacao.com\/1\/?p=173723"},"modified":"2020-06-11T06:38:30","modified_gmt":"2020-06-11T09:38:30","slug":"paraiba-firma-parceria-com-laboratorio-alemao-para-monitoramento-do-ar","status":"publish","type":"post","link":"https:\/\/www.caririemacao.com\/1\/2020\/06\/11\/paraiba-firma-parceria-com-laboratorio-alemao-para-monitoramento-do-ar\/","title":{"rendered":"Para\u00edba firma parceria com laborat\u00f3rio alem\u00e3o para monitoramento do ar"},"content":{"rendered":"\n<h3 class=\"wp-block-heading\"><\/h3>\n\n\n\n<p><\/p>\n\n\n\n<hr class=\"wp-block-separator\"\/>\n\n\n\n<p>O Governo do Estado, por meio da Superintend\u00eancia de Administra\u00e7\u00e3o do Meio Ambiente (Sudema), acaba de firmar uma parceria internacional com o objetivo de desenvolver m\u00e9todos e estrat\u00e9gias para o monitoramento do ar atmosf\u00e9rico na Para\u00edba. O trabalho ser\u00e1 desenvolvido juntamente com o Laborat\u00f3rio Klimapolis, do Instituto Max-Planck de Meteorologia, por meio de reuni\u00f5es t\u00e9cnicas e capacita\u00e7\u00f5es.<\/p>\n\n\n\n<p>\u201cCom a parceria, ser\u00e1 poss\u00edvel fazer um diagn\u00f3stico preciso das condi\u00e7\u00f5es do ar, o que \u00e9 imprescind\u00edvel para que adotemos as solu\u00e7\u00f5es necess\u00e1rias no combate a essas fontes poluidoras. Assim, esperamos contribuir com o controle dos impactos adversos provocados pelas mudan\u00e7as clim\u00e1ticas em nosso estado\u201d, comentou o superintendente da Sudema, Marcelo Cavalcanti.<\/p>\n\n\n\n<p>O coordenador do Laborat\u00f3rio Klimapolis, Nico Caltabiano, acredita que dar uma aplica\u00e7\u00e3o pr\u00e1tica ao conhecimento gerado nos institutos de pesquisa e educa\u00e7\u00e3o deve gerar grandes benef\u00edcios \u00e0 popula\u00e7\u00e3o. \u201cEssa colabora\u00e7\u00e3o ir\u00e1 possibilitar visitas t\u00e9cnicas de parceiros alem\u00e3es e brasileiros, aumentando a troca de informa\u00e7\u00f5es sobre problemas ambientais locais e sobre solu\u00e7\u00f5es que a Sudema j\u00e1 possui\u201d, destacou.<\/p>\n\n\n\n<p>Tamb\u00e9m s\u00e3o parceiros do projeto a Companhia Ambiental do Estado de S\u00e3o Paulo (Cetesb), Secretaria Municipal do Verde e Meio Ambiente\/SP, Instituto Nacional de Pesquisas Espaciais (Inpe), al\u00e9m de institui\u00e7\u00f5es de ensino superior.<\/p>\n\n\n\n<p>O&nbsp;Laborat\u00f3rio Klimapolis, sediado em Hamburgo, na Alemanha, atua na rela\u00e7\u00e3o entre o clima, a polui\u00e7\u00e3o da \u00e1gua e do ar, e a sociedade, buscando definir, com autoridades municipais, estaduais e outros atores urbanos, abordagens para o desenvolvimento de cidades sustent\u00e1veis e melhores estruturas de governan\u00e7a.<\/p>\n","protected":false},"excerpt":{"rendered":"<p>O Governo do Estado, por meio da Superintend\u00eancia de Administra\u00e7\u00e3o do Meio Ambiente (Sudema), acaba de firmar uma parceria internacional com o objetivo de desenvolver&hellip; <\/p>\n","protected":false},"author":2,"featured_media":173724,"comment_status":"closed","ping_status":"closed","sticky":false,"template":"","format":"standard","meta":{"sfsi_plus_gutenberg_text_before_share":"","sfsi_plus_gutenberg_show_text_before_share":"","sfsi_plus_gutenberg_icon_type":"","sfsi_plus_gutenberg_icon_alignemt":"","sfsi_plus_gutenburg_max_per_row":"","footnotes":""},"categories":[2],"tags":[],"class_list":["post-173723","post","type-post","status-publish","format-standard","has-post-thumbnail","hentry","category-geral"],"_links":{"self":[{"href":"https:\/\/www.caririemacao.com\/1\/wp-json\/wp\/v2\/posts\/173723","targetHints":{"allow":["GET"]}}],"collection":[{"href":"https:\/\/www.caririemacao.com\/1\/wp-json\/wp\/v2\/posts"}],"about":[{"href":"https:\/\/www.caririemacao.com\/1\/wp-json\/wp\/v2\/types\/post"}],"author":[{"embeddable":true,"href":"https:\/\/www.caririemacao.com\/1\/wp-json\/wp\/v2\/users\/2"}],"replies":[{"embeddable":true,"href":"https:\/\/www.caririemacao.com\/1\/wp-json\/wp\/v2\/comments?post=173723"}],"version-history":[{"count":1,"href":"https:\/\/www.caririemacao.com\/1\/wp-json\/wp\/v2\/posts\/173723\/revisions"}],"predecessor-version":[{"id":173725,"href":"https:\/\/www.caririemacao.com\/1\/wp-json\/wp\/v2\/posts\/173723\/revisions\/173725"}],"wp:featuredmedia":[{"embeddable":true,"href":"https:\/\/www.caririemacao.com\/1\/wp-json\/wp\/v2\/media\/173724"}],"wp:attachment":[{"href":"https:\/\/www.caririemacao.com\/1\/wp-json\/wp\/v2\/media?parent=173723"}],"wp:term":[{"taxonomy":"category","embeddable":true,"href":"https:\/\/www.caririemacao.com\/1\/wp-json\/wp\/v2\/categories?post=173723"},{"taxonomy":"post_tag","embeddable":true,"href":"https:\/\/www.caririemacao.com\/1\/wp-json\/wp\/v2\/tags?post=173723"}],"curies":[{"name":"wp","href":"https:\/\/api.w.org\/{rel}","templated":true}]}}