{"id":173727,"date":"2020-06-11T06:42:33","date_gmt":"2020-06-11T09:42:33","guid":{"rendered":"https:\/\/www.caririemacao.com\/1\/?p=173727"},"modified":"2020-06-11T06:42:33","modified_gmt":"2020-06-11T09:42:33","slug":"videohomem-invade-sede-da-rede-globo-e-faz-reporter-refem","status":"publish","type":"post","link":"https:\/\/www.caririemacao.com\/1\/2020\/06\/11\/videohomem-invade-sede-da-rede-globo-e-faz-reporter-refem\/","title":{"rendered":"Video:homem invade sede da Rede Globo e faz rep\u00f3rter ref\u00e9m"},"content":{"rendered":"\n<h3 class=\"wp-block-heading\"><\/h3>\n\n\n\n<p><\/p>\n\n\n\n<hr class=\"wp-block-separator\"\/>\n\n\n\n<p>Um homem invadiu a sede da Rede&nbsp;<strong>Globo<\/strong>, no Rio de Janeiro, na tarde desta&nbsp;quarta-feira (10) e manteve a<strong>&nbsp;rep\u00f3rter Marina Ara\u00fajo<\/strong>&nbsp;ref\u00e9m. A informa\u00e7\u00e3o \u00e9 do Metropoles.<\/p>\n\n\n\n<p>Segundo as informa\u00e7\u00f5es, ele estava armado com uma faca, teria entrado no local gritando \u201cGlobo lixo\u2019 e querendo falar com a jornalista Renata Vasconcellos, apresentadora do Jornal Nacional.<\/p>\n\n\n\n<p>A Pol\u00edcia foi acionada. O homem teria soltado a faca ap\u00f3s Renata Vasconcellos aparecer no local. Ele foi preso.<\/p>\n\n\n\n<p>Veja:Tocador de v\u00eddeo<video width=\"352\" height=\"640\" preload=\"metadata\" src=\"https:\/\/wscom.com.br\/wp-content\/uploads\/2020\/06\/Homem-invade-Globo.mp4?_=1\">00:0000:13<\/p>\n","protected":false},"excerpt":{"rendered":"<p>Um homem invadiu a sede da Rede&nbsp;Globo, no Rio de Janeiro, na tarde desta&nbsp;quarta-feira (10) e manteve a&nbsp;rep\u00f3rter Marina Ara\u00fajo&nbsp;ref\u00e9m. A informa\u00e7\u00e3o \u00e9 do Metropoles.&hellip; <\/p>\n","protected":false},"author":2,"featured_media":173728,"comment_status":"closed","ping_status":"closed","sticky":false,"template":"","format":"standard","meta":{"sfsi_plus_gutenberg_text_before_share":"","sfsi_plus_gutenberg_show_text_before_share":"","sfsi_plus_gutenberg_icon_type":"","sfsi_plus_gutenberg_icon_alignemt":"","sfsi_plus_gutenburg_max_per_row":"","footnotes":""},"categories":[2],"tags":[],"class_list":["post-173727","post","type-post","status-publish","format-standard","has-post-thumbnail","hentry","category-geral"],"_links":{"self":[{"href":"https:\/\/www.caririemacao.com\/1\/wp-json\/wp\/v2\/posts\/173727","targetHints":{"allow":["GET"]}}],"collection":[{"href":"https:\/\/www.caririemacao.com\/1\/wp-json\/wp\/v2\/posts"}],"about":[{"href":"https:\/\/www.caririemacao.com\/1\/wp-json\/wp\/v2\/types\/post"}],"author":[{"embeddable":true,"href":"https:\/\/www.caririemacao.com\/1\/wp-json\/wp\/v2\/users\/2"}],"replies":[{"embeddable":true,"href":"https:\/\/www.caririemacao.com\/1\/wp-json\/wp\/v2\/comments?post=173727"}],"version-history":[{"count":1,"href":"https:\/\/www.caririemacao.com\/1\/wp-json\/wp\/v2\/posts\/173727\/revisions"}],"predecessor-version":[{"id":173729,"href":"https:\/\/www.caririemacao.com\/1\/wp-json\/wp\/v2\/posts\/173727\/revisions\/173729"}],"wp:featuredmedia":[{"embeddable":true,"href":"https:\/\/www.caririemacao.com\/1\/wp-json\/wp\/v2\/media\/173728"}],"wp:attachment":[{"href":"https:\/\/www.caririemacao.com\/1\/wp-json\/wp\/v2\/media?parent=173727"}],"wp:term":[{"taxonomy":"category","embeddable":true,"href":"https:\/\/www.caririemacao.com\/1\/wp-json\/wp\/v2\/categories?post=173727"},{"taxonomy":"post_tag","embeddable":true,"href":"https:\/\/www.caririemacao.com\/1\/wp-json\/wp\/v2\/tags?post=173727"}],"curies":[{"name":"wp","href":"https:\/\/api.w.org\/{rel}","templated":true}]}}