{"id":173731,"date":"2020-06-11T07:13:30","date_gmt":"2020-06-11T10:13:30","guid":{"rendered":"https:\/\/www.caririemacao.com\/1\/?p=173731"},"modified":"2020-06-11T07:13:30","modified_gmt":"2020-06-11T10:13:30","slug":"em-sume-pacientes-com-covid-19-recebem-assistencia-dos-profissionais-da-saude","status":"publish","type":"post","link":"https:\/\/www.caririemacao.com\/1\/2020\/06\/11\/em-sume-pacientes-com-covid-19-recebem-assistencia-dos-profissionais-da-saude\/","title":{"rendered":"Em Sum\u00e9: Pacientes com Covid-19 recebem assist\u00eancia dos profissionais da Sa\u00fade"},"content":{"rendered":"\n<p>A Secretaria de Sa\u00fade de Sum\u00e9 e a Vigil\u00e2ncia Epidemiol\u00f3gica do munic\u00edpio acompanham diariamente os pacientes diagnosticados com o coronav\u00edrus e que devem ficar em isolamento domiciliar.<\/p>\n\n\n\n<p>Esse monitoramento faz parte dos protocolos recomendados pela Organiza\u00e7\u00e3o Mundial de Sa\u00fade, al\u00e9m de levar, principalmente, assist\u00eancia, seguran\u00e7a e solidariedade aos pacientes e \u00e0s fam\u00edlias que est\u00e3o enfrentando a doen\u00e7a, at\u00e9 que eles estejam curados.<\/p>\n\n\n\n<p>Os pacientes que s\u00e3o diagnosticados com o v\u00edrus, mesmo que assintom\u00e1ticos, devem ter alguns cuidados para evitar a contamina\u00e7\u00e3o dos demais membros da casa.<\/p>\n\n\n\n<p>Algumas orienta\u00e7\u00f5es repassadas pelas equipes do Estrat\u00e9gia Sa\u00fade da Fam\u00edlia s\u00e3o: a pessoa infectada deve permanecer em um quarto isolado e ventilado, por\u00e9m, nas resid\u00eancias onde isso n\u00e3o \u00e9 poss\u00edvel, ela deve estar o tempo todo de m\u00e1scara e manter uma dist\u00e2ncia de pelo menos um metro dos demais familiares; o doente n\u00e3o deve compartilhar talheres, pratos e copos, estes utens\u00edlios, ap\u00f3s o uso, devem ser lavados com \u00e1gua sanit\u00e1ria; a casa e os objetos devem ser limpos constantemente com \u00e1gua sanit\u00e1ria ou \u00e1lcool 70%, assim como o banheiro; roupas, cobertores, len\u00e7\u00f3is, toalhas e travesseiros devem ser recolhidos com luvas, colocados em saco pl\u00e1stico e serem lavados separadamente das demais roupas da casa, com \u00e1gua e sab\u00e3o a uma temperatura entre 60 e 90\u00baC. Todos os moradores da casa ficam em isolamento domiciliar por 14 dias tamb\u00e9m.<\/p>\n\n\n\n<p>De acordo com a coordenadora da Aten\u00e7\u00e3o B\u00e1sica, Anna Magda Cantalice, o protocolo adotado tamb\u00e9m \u00e9 o de fazer contato di\u00e1rio com o paciente, via telefone, para saber o seu estado de sa\u00fade. \u201cCaso haja qualquer altera\u00e7\u00e3o no quadro, a equipe m\u00e9dica se desloca para a resid\u00eancia\u201d, informou.<\/p>\n\n\n\n<p>Cumprido o per\u00edodo de isolamento e aus\u00eancia de sintomas, os pacientes s\u00e3o avaliados pelos m\u00e9dicos das unidades b\u00e1sicas e submetidos a um novo exame para verificar se j\u00e1 est\u00e3o curados. Testados negativos para coronav\u00edrus, eles s\u00e3o liberados para o conv\u00edvio social.<\/p>\n\n\n\n<p>At\u00e9 esta quarta-feira (10\/06), Sum\u00e9 registrou 22 casos confirmados de coronav\u00edrus, sendo que destes 22, dez j\u00e1 est\u00e3o curados da doen\u00e7a.<\/p>\n\n\n\n<p>A Vigil\u00e2ncia Epidemiol\u00f3gica do munic\u00edpio refor\u00e7a constantemente \u00e0 popula\u00e7\u00e3o que mantenham o distanciamento social, s\u00f3 saiam de casa em extrema necessidade, usem m\u00e1scara e higienizem sempre as m\u00e3os. As pessoas rec\u00e9m chegadas de viagem devem cumprir o per\u00edodo de quarentena domiciliar, 14 dias, tendo em vista que no trajeto, ou antes dele, elas podem ter tido contato com o v\u00edrus e ainda n\u00e3o ter apresentado sintomas.<\/p>\n\n\n\n<p><em>Ascom PMM<\/em><\/p>\n","protected":false},"excerpt":{"rendered":"<p>A Secretaria de Sa\u00fade de Sum\u00e9 e a Vigil\u00e2ncia Epidemiol\u00f3gica do munic\u00edpio acompanham diariamente os pacientes diagnosticados com o coronav\u00edrus e que devem ficar em&hellip; <\/p>\n","protected":false},"author":2,"featured_media":173732,"comment_status":"closed","ping_status":"closed","sticky":false,"template":"","format":"standard","meta":{"sfsi_plus_gutenberg_text_before_share":"","sfsi_plus_gutenberg_show_text_before_share":"","sfsi_plus_gutenberg_icon_type":"","sfsi_plus_gutenberg_icon_alignemt":"","sfsi_plus_gutenburg_max_per_row":"","footnotes":""},"categories":[50,2],"tags":[],"class_list":["post-173731","post","type-post","status-publish","format-standard","has-post-thumbnail","hentry","category-destaque","category-geral"],"_links":{"self":[{"href":"https:\/\/www.caririemacao.com\/1\/wp-json\/wp\/v2\/posts\/173731","targetHints":{"allow":["GET"]}}],"collection":[{"href":"https:\/\/www.caririemacao.com\/1\/wp-json\/wp\/v2\/posts"}],"about":[{"href":"https:\/\/www.caririemacao.com\/1\/wp-json\/wp\/v2\/types\/post"}],"author":[{"embeddable":true,"href":"https:\/\/www.caririemacao.com\/1\/wp-json\/wp\/v2\/users\/2"}],"replies":[{"embeddable":true,"href":"https:\/\/www.caririemacao.com\/1\/wp-json\/wp\/v2\/comments?post=173731"}],"version-history":[{"count":1,"href":"https:\/\/www.caririemacao.com\/1\/wp-json\/wp\/v2\/posts\/173731\/revisions"}],"predecessor-version":[{"id":173733,"href":"https:\/\/www.caririemacao.com\/1\/wp-json\/wp\/v2\/posts\/173731\/revisions\/173733"}],"wp:featuredmedia":[{"embeddable":true,"href":"https:\/\/www.caririemacao.com\/1\/wp-json\/wp\/v2\/media\/173732"}],"wp:attachment":[{"href":"https:\/\/www.caririemacao.com\/1\/wp-json\/wp\/v2\/media?parent=173731"}],"wp:term":[{"taxonomy":"category","embeddable":true,"href":"https:\/\/www.caririemacao.com\/1\/wp-json\/wp\/v2\/categories?post=173731"},{"taxonomy":"post_tag","embeddable":true,"href":"https:\/\/www.caririemacao.com\/1\/wp-json\/wp\/v2\/tags?post=173731"}],"curies":[{"name":"wp","href":"https:\/\/api.w.org\/{rel}","templated":true}]}}