{"id":173735,"date":"2020-06-11T08:17:15","date_gmt":"2020-06-11T11:17:15","guid":{"rendered":"https:\/\/www.caririemacao.com\/1\/?p=173735"},"modified":"2020-06-11T08:17:15","modified_gmt":"2020-06-11T11:17:15","slug":"paraiba-recebe-devolucao-de-r-75-milhoes-pagos-por-respiradores-nao-entregues","status":"publish","type":"post","link":"https:\/\/www.caririemacao.com\/1\/2020\/06\/11\/paraiba-recebe-devolucao-de-r-75-milhoes-pagos-por-respiradores-nao-entregues\/","title":{"rendered":"Para\u00edba recebe devolu\u00e7\u00e3o de R$ 7,5 milh\u00f5es pagos por respiradores n\u00e3o entregues"},"content":{"rendered":"\n<p>Os R$ 7,5 milh\u00f5es que foram destinados para a compra de 75 respiradores, ser\u00e3o devolvidos a Para\u00edba, nesta quarta-feira (10), pela empresa Pulsar Development Internacional LTDA. Os equipamentos deveria tem sido entregues ao Governo do Estado no dia 9 de maio, por\u00e9m o recebimento n\u00e3o foi efetivado.<\/p>\n\n\n\n<p>O valor que ser\u00e1 devolvido j\u00e1 est\u00e1 dispon\u00edvel na conta do Cons\u00f3rcio Nordeste e, de acordo com o segundo secret\u00e1rio da Fazenda da Para\u00edba, Marivaldo Laureano, a entidade ser\u00e1 a respons\u00e1vel por devolver o dinheiro aos Estados que efetuaram o pagamento, mas n\u00e3o receberam os respiradores.<\/p>\n\n\n\n<h3 class=\"wp-block-heading\">Opera\u00e7\u00e3o da Pol\u00edcia Civil<\/h3>\n\n\n\n<p>O fato dos respiradores n\u00e3o terem sido entregues aos estados do Nordeste provocou uma opera\u00e7\u00e3o realizada pela Pol\u00edcia Civil da Bahia, onde tr\u00eas pessoas foram presas, por participa\u00e7\u00e3o em um suposto esquema de fraudes em compras de respiradores da empresa Hempcare. O processo j\u00e1 foi encaminhado para o Supremo Tribunal de Justi\u00e7a (STJ) e um inqu\u00e9rito foi instaurado pelo Minist\u00e9rio P\u00fablico Federal (MPF).<\/p>\n","protected":false},"excerpt":{"rendered":"<p>Os R$ 7,5 milh\u00f5es que foram destinados para a compra de 75 respiradores, ser\u00e3o devolvidos a Para\u00edba, nesta quarta-feira (10), pela empresa Pulsar Development Internacional&hellip; <\/p>\n","protected":false},"author":2,"featured_media":173072,"comment_status":"closed","ping_status":"closed","sticky":false,"template":"","format":"standard","meta":{"sfsi_plus_gutenberg_text_before_share":"","sfsi_plus_gutenberg_show_text_before_share":"","sfsi_plus_gutenberg_icon_type":"","sfsi_plus_gutenberg_icon_alignemt":"","sfsi_plus_gutenburg_max_per_row":"","footnotes":""},"categories":[11],"tags":[],"class_list":["post-173735","post","type-post","status-publish","format-standard","has-post-thumbnail","hentry","category-politica"],"_links":{"self":[{"href":"https:\/\/www.caririemacao.com\/1\/wp-json\/wp\/v2\/posts\/173735","targetHints":{"allow":["GET"]}}],"collection":[{"href":"https:\/\/www.caririemacao.com\/1\/wp-json\/wp\/v2\/posts"}],"about":[{"href":"https:\/\/www.caririemacao.com\/1\/wp-json\/wp\/v2\/types\/post"}],"author":[{"embeddable":true,"href":"https:\/\/www.caririemacao.com\/1\/wp-json\/wp\/v2\/users\/2"}],"replies":[{"embeddable":true,"href":"https:\/\/www.caririemacao.com\/1\/wp-json\/wp\/v2\/comments?post=173735"}],"version-history":[{"count":1,"href":"https:\/\/www.caririemacao.com\/1\/wp-json\/wp\/v2\/posts\/173735\/revisions"}],"predecessor-version":[{"id":173736,"href":"https:\/\/www.caririemacao.com\/1\/wp-json\/wp\/v2\/posts\/173735\/revisions\/173736"}],"wp:featuredmedia":[{"embeddable":true,"href":"https:\/\/www.caririemacao.com\/1\/wp-json\/wp\/v2\/media\/173072"}],"wp:attachment":[{"href":"https:\/\/www.caririemacao.com\/1\/wp-json\/wp\/v2\/media?parent=173735"}],"wp:term":[{"taxonomy":"category","embeddable":true,"href":"https:\/\/www.caririemacao.com\/1\/wp-json\/wp\/v2\/categories?post=173735"},{"taxonomy":"post_tag","embeddable":true,"href":"https:\/\/www.caririemacao.com\/1\/wp-json\/wp\/v2\/tags?post=173735"}],"curies":[{"name":"wp","href":"https:\/\/api.w.org\/{rel}","templated":true}]}}