{"id":173738,"date":"2020-06-11T08:18:37","date_gmt":"2020-06-11T11:18:37","guid":{"rendered":"https:\/\/www.caririemacao.com\/1\/?p=173738"},"modified":"2020-06-11T08:18:37","modified_gmt":"2020-06-11T11:18:37","slug":"bolsonaro-nomeara-reitores-sem-eleicao-nas-universidades-federais","status":"publish","type":"post","link":"https:\/\/www.caririemacao.com\/1\/2020\/06\/11\/bolsonaro-nomeara-reitores-sem-eleicao-nas-universidades-federais\/","title":{"rendered":"Bolsonaro nomear\u00e1 reitores sem elei\u00e7\u00e3o nas universidades federais"},"content":{"rendered":"\n<p>O presidente Jair Bolsonaro (sem partido) vai poder nomear reitores para universidades e institutos federais durante a pandemia do novo coronav\u00edrus sem a realiza\u00e7\u00e3o de consulta \u00e0 comunidade acad\u00eamica. Uma medida provis\u00f3ria publicada nesta quarta (10) diz que o presidente ir\u00e1 nomear reitores e pr\u00f3-reitores tempor\u00e1rios para as institui\u00e7\u00f5es de ensino em que houver o t\u00e9rmino de mandato dos atuais dirigentes durante o per\u00edodo da pandemia.<\/p>\n\n\n\n<p>A medida tamb\u00e9m determina que as institui\u00e7\u00f5es n\u00e3o podem fazer a consulta acad\u00eamica de forma online ou remota. \u201cN\u00e3o haver\u00e1 processo de consulta \u00e0 comunidade, escolar ou acad\u00eamica, ou forma\u00e7\u00e3o de lista tr\u00edplice para a escolha de dirigentes das institui\u00e7\u00f5es federais de ensino durante o per\u00edodo da emerg\u00eancia de sa\u00fade p\u00fablica\u201d, diz o texto. A Andifes (associa\u00e7\u00e3o que re\u00fane os reitores das universidades federais) informou que vai adotar as medidas jur\u00eddicas necess\u00e1rias para contestar a MP, \u201cque atenta de forma absurda contra a democracia em nosso pa\u00eds e a autonomia constitucional de nossas universidades\u201d.<\/p>\n\n\n\n<p>Mesmo antes de assumir a presid\u00eancia, Bolsonaro prometia mudan\u00e7as nas regras para a escolha de reitores das universidades federais, as quais acusa de ser \u201caparelhadas\u201d. Esta \u00e9 a segunda MP editada pelo governo federal alterando as regras para a nomea\u00e7\u00e3o dos dirigentes.Neste ano, ao menos 3 institutos federais tiveram reitores tempor\u00e1rios nomeados pelo Minist\u00e9rio da Educa\u00e7\u00e3o sem que tenham sido eleitos pela comunidade acad\u00eamica. Os casos ainda tramitam na justi\u00e7a.<\/p>\n\n\n\n<p>Reda\u00e7\u00e3o Para\u00edba Debate com Informa\u00e7\u00f5es Folhapress<\/p>\n","protected":false},"excerpt":{"rendered":"<p>O presidente Jair Bolsonaro (sem partido) vai poder nomear reitores para universidades e institutos federais durante a pandemia do novo coronav\u00edrus sem a realiza\u00e7\u00e3o de&hellip; <\/p>\n","protected":false},"author":2,"featured_media":173673,"comment_status":"closed","ping_status":"closed","sticky":false,"template":"","format":"standard","meta":{"sfsi_plus_gutenberg_text_before_share":"","sfsi_plus_gutenberg_show_text_before_share":"","sfsi_plus_gutenberg_icon_type":"","sfsi_plus_gutenberg_icon_alignemt":"","sfsi_plus_gutenburg_max_per_row":"","footnotes":""},"categories":[11],"tags":[],"class_list":["post-173738","post","type-post","status-publish","format-standard","has-post-thumbnail","hentry","category-politica"],"_links":{"self":[{"href":"https:\/\/www.caririemacao.com\/1\/wp-json\/wp\/v2\/posts\/173738","targetHints":{"allow":["GET"]}}],"collection":[{"href":"https:\/\/www.caririemacao.com\/1\/wp-json\/wp\/v2\/posts"}],"about":[{"href":"https:\/\/www.caririemacao.com\/1\/wp-json\/wp\/v2\/types\/post"}],"author":[{"embeddable":true,"href":"https:\/\/www.caririemacao.com\/1\/wp-json\/wp\/v2\/users\/2"}],"replies":[{"embeddable":true,"href":"https:\/\/www.caririemacao.com\/1\/wp-json\/wp\/v2\/comments?post=173738"}],"version-history":[{"count":1,"href":"https:\/\/www.caririemacao.com\/1\/wp-json\/wp\/v2\/posts\/173738\/revisions"}],"predecessor-version":[{"id":173739,"href":"https:\/\/www.caririemacao.com\/1\/wp-json\/wp\/v2\/posts\/173738\/revisions\/173739"}],"wp:featuredmedia":[{"embeddable":true,"href":"https:\/\/www.caririemacao.com\/1\/wp-json\/wp\/v2\/media\/173673"}],"wp:attachment":[{"href":"https:\/\/www.caririemacao.com\/1\/wp-json\/wp\/v2\/media?parent=173738"}],"wp:term":[{"taxonomy":"category","embeddable":true,"href":"https:\/\/www.caririemacao.com\/1\/wp-json\/wp\/v2\/categories?post=173738"},{"taxonomy":"post_tag","embeddable":true,"href":"https:\/\/www.caririemacao.com\/1\/wp-json\/wp\/v2\/tags?post=173738"}],"curies":[{"name":"wp","href":"https:\/\/api.w.org\/{rel}","templated":true}]}}