{"id":173740,"date":"2020-06-11T08:20:04","date_gmt":"2020-06-11T11:20:04","guid":{"rendered":"https:\/\/www.caririemacao.com\/1\/?p=173740"},"modified":"2020-06-11T08:20:04","modified_gmt":"2020-06-11T11:20:04","slug":"stf-comeca-a-julgar-legalidade-de-inquerito-sobre-fake-news","status":"publish","type":"post","link":"https:\/\/www.caririemacao.com\/1\/2020\/06\/11\/stf-comeca-a-julgar-legalidade-de-inquerito-sobre-fake-news\/","title":{"rendered":"STF come\u00e7a a julgar legalidade de inqu\u00e9rito sobre fake news"},"content":{"rendered":"\n<p>O Supremo Tribunal Federal (STF) come\u00e7ou a julgar h\u00e1 pouco a legalidade do inqu\u00e9rito aberto pela Corte para apurar a divulga\u00e7\u00e3o de not\u00edcias falsas e amea\u00e7as contra integrantes da Corte. Os 11 ministros analisam uma a\u00e7\u00e3o da Rede Sustentabilidade, protocolada no ano passado para contestar a forma de abertura da investiga\u00e7\u00e3o.<img decoding=\"async\" data-src=\"https:\/\/agenciabrasil.ebc.com.br\/ebc.png?id=1309272&amp;o=node\" src=\"data:image\/svg+xml;base64,PHN2ZyB3aWR0aD0iMSIgaGVpZ2h0PSIxIiB4bWxucz0iaHR0cDovL3d3dy53My5vcmcvMjAwMC9zdmciPjwvc3ZnPg==\" class=\"lazyload\"><\/p>\n\n\n\n<p>Com base nas investiga\u00e7\u00f5es desse processo foram cumpridos, no m\u00eas passado, mandados de busca e apreens\u00e3o contra empres\u00e1rios e acusados de financiar, difamar e amea\u00e7ar ministros do tribunal nas redes sociais.<\/p>\n\n\n\n<p>Ap\u00f3s a opera\u00e7\u00e3o, o procurador-geral da Rep\u00fablica, Augusto Aras, pediu a suspens\u00e3o o inqu\u00e9rito ao ministro Edson Fachin, relator da a\u00e7\u00e3o, que enviou o processo para julgamento no plen\u00e1rio.<\/p>\n\n\n\n<p>Ao pedir a suspens\u00e3o, Aras disse cabe ao Minist\u00e9rio P\u00fablico dirigir a investiga\u00e7\u00e3o criminal e definir quais provas s\u00e3o relevantes.&nbsp; Al\u00e9m disso, o procurador destacou que se manifestou contra as medidas de busca e apreens\u00e3o realizadas, que, segundo ele, foram sugeridas pelo juiz instrutor do gabinete do ministro Alexandre de Moraes, relator do caso, ap\u00f3s receber relat\u00f3rio de investiga\u00e7\u00e3o da Policia Federal.<\/p>\n\n\n\n<p>A abertura do inqu\u00e9rito foi feita em mar\u00e7o de 2019. Na \u00e9poca, o presidente do STF, ministro Dias Toffoli, defendeu a medida como forma de combater \u00e0 veicula\u00e7\u00e3o de not\u00edcias que atingem a honorabilidade e a seguran\u00e7a do STF, de seus membros e parentes. Segundo o presidente, que nomeou Alexandre de Moraes como relator do caso, a decis\u00e3o pela abertura est\u00e1 amparada no regimento interno da Corte.<\/p>\n\n\n\n<p>Na ocasi\u00e3o, a tramita\u00e7\u00e3o tamb\u00e9m foi questionada pelo ex-procuradora geral da Rep\u00fablica, Raquel Dodge, que chegou a arquivar o inqu\u00e9rito pela parte da PGR, no entanto, Moraes n\u00e3o aceitou o arquivamento.<\/p>\n","protected":false},"excerpt":{"rendered":"<p>O Supremo Tribunal Federal (STF) come\u00e7ou a julgar h\u00e1 pouco a legalidade do inqu\u00e9rito aberto pela Corte para apurar a divulga\u00e7\u00e3o de not\u00edcias falsas e&hellip; <\/p>\n","protected":false},"author":2,"featured_media":173320,"comment_status":"closed","ping_status":"closed","sticky":false,"template":"","format":"standard","meta":{"sfsi_plus_gutenberg_text_before_share":"","sfsi_plus_gutenberg_show_text_before_share":"","sfsi_plus_gutenberg_icon_type":"","sfsi_plus_gutenberg_icon_alignemt":"","sfsi_plus_gutenburg_max_per_row":"","footnotes":""},"categories":[50,2],"tags":[],"class_list":["post-173740","post","type-post","status-publish","format-standard","has-post-thumbnail","hentry","category-destaque","category-geral"],"_links":{"self":[{"href":"https:\/\/www.caririemacao.com\/1\/wp-json\/wp\/v2\/posts\/173740","targetHints":{"allow":["GET"]}}],"collection":[{"href":"https:\/\/www.caririemacao.com\/1\/wp-json\/wp\/v2\/posts"}],"about":[{"href":"https:\/\/www.caririemacao.com\/1\/wp-json\/wp\/v2\/types\/post"}],"author":[{"embeddable":true,"href":"https:\/\/www.caririemacao.com\/1\/wp-json\/wp\/v2\/users\/2"}],"replies":[{"embeddable":true,"href":"https:\/\/www.caririemacao.com\/1\/wp-json\/wp\/v2\/comments?post=173740"}],"version-history":[{"count":1,"href":"https:\/\/www.caririemacao.com\/1\/wp-json\/wp\/v2\/posts\/173740\/revisions"}],"predecessor-version":[{"id":173741,"href":"https:\/\/www.caririemacao.com\/1\/wp-json\/wp\/v2\/posts\/173740\/revisions\/173741"}],"wp:featuredmedia":[{"embeddable":true,"href":"https:\/\/www.caririemacao.com\/1\/wp-json\/wp\/v2\/media\/173320"}],"wp:attachment":[{"href":"https:\/\/www.caririemacao.com\/1\/wp-json\/wp\/v2\/media?parent=173740"}],"wp:term":[{"taxonomy":"category","embeddable":true,"href":"https:\/\/www.caririemacao.com\/1\/wp-json\/wp\/v2\/categories?post=173740"},{"taxonomy":"post_tag","embeddable":true,"href":"https:\/\/www.caririemacao.com\/1\/wp-json\/wp\/v2\/tags?post=173740"}],"curies":[{"name":"wp","href":"https:\/\/api.w.org\/{rel}","templated":true}]}}