{"id":173743,"date":"2020-06-11T08:22:34","date_gmt":"2020-06-11T11:22:34","guid":{"rendered":"https:\/\/www.caririemacao.com\/1\/?p=173743"},"modified":"2020-06-11T08:22:34","modified_gmt":"2020-06-11T11:22:34","slug":"monteiro-tera-arraia-solidario-em-defesa-da-cultura-do-municipio","status":"publish","type":"post","link":"https:\/\/www.caririemacao.com\/1\/2020\/06\/11\/monteiro-tera-arraia-solidario-em-defesa-da-cultura-do-municipio\/","title":{"rendered":"Monteiro ter\u00e1 \u201cArrai\u00e1 Solid\u00e1rio\u201d em defesa da cultura do munic\u00edpio"},"content":{"rendered":"\n<p><a href=\"https:\/\/www.facebook.com\/sharer.php?u=https%3A%2F%2Fwww.vitrinedocariri.com.br%2F2020%2F06%2Fmonteiro-tera-arraia-solidario-em-defesa-da-cultura-do-municipio%2F\" target=\"_blank\" rel=\"noreferrer noopener\"><\/a><a href=\"https:\/\/twitter.com\/share?url=https%3A%2F%2Fwww.vitrinedocariri.com.br%2F2020%2F06%2Fmonteiro-tera-arraia-solidario-em-defesa-da-cultura-do-municipio%2F&amp;text=Acabei%20de%20ver%20Monteiro%20ter%C3%A1%20%E2%80%9CArrai%C3%A1%20Solid%C3%A1rio%E2%80%9D%20em%20defesa%20da%20cultura%20do%20munic%C3%ADpio%20-%20Clique%20para%20ver%20tamb%C3%A9m%20%E2%98%9B%20\" target=\"_blank\" rel=\"noreferrer noopener\"><\/a><a href=\"\/\/send?text=Monteiro%20ter%C3%A1%20%E2%80%9CArrai%C3%A1%20Solid%C3%A1rio%E2%80%9D%20em%20defesa%20da%20cultura%20do%20munic%C3%ADpio%20%E2%98%9B%20https%3A%2F%2Fwww.vitrinedocariri.com.br%2F2020%2F06%2Fmonteiro-tera-arraia-solidario-em-defesa-da-cultura-do-municipio%2F\" target=\"_blank\" rel=\"noreferrer noopener\"><\/a><a href=\"javascript:void(0);\"><\/a><\/p>\n\n\n\n<p>A Prefeitura de Monteiro, em parceria com o SEBRAE-PB, realizar\u00e1 neste m\u00eas de junho o Arrai\u00e1 Solid\u00e1rio, como forma de buscar apoios para os artistas da regi\u00e3o que se dedicam a cultura popular, a exemplo da m\u00fasica, a culin\u00e1ria e a renda renascen\u00e7a, entre outros profissionais que atuam em \u00e1reas de teatros e demais segmentos.<\/p>\n\n\n\n<p>O Arrai\u00e1 Solid\u00e1rio ser\u00e1 transmitido pelo www.facebook.com.br\/PrefeituraMonteiro e www.youtube.com\/MonteiroTV1, e acontecer\u00e1 nos dias 16, 17, 18 e 19 de junho, sempre as 20 horas, com shows art\u00edsticos de Davi Louren\u00e7o, que far\u00e1 uma homenagem ao seu pai, o cantor e compositor Dejinha de Monteiro (in-memorian), Nanado Alves, Adriano Silva, Sussa de Monteiro, Xote Universit\u00e1rio, Osmando Silva, J\u00falio Martins, Ragner Vox, Franklin Dias e Claudilene.<\/p>\n\n\n\n<p>Durante a exibi\u00e7\u00e3o das lives, ser\u00e3o expostos trabalhos artesanais e culin\u00e1rios da regi\u00e3o do Cariri e apresentado pontos tur\u00edsticos do munic\u00edpio.<\/p>\n\n\n\n<p>A decis\u00e3o de realizar o Arrari\u00e1 Solid\u00e1rio partiu da prefeita Anna Lorena e da secret\u00e1ria de Cultura e Turismo, Christianne Leal, como forma de preencher o vazio dos festejos juninos de Monteiro e de arrecadar donativos para os artistas locais que se dedicam a cultura monteirense e que esse ano enfrentam dificuldades devido a pandemia provocada pelo COVID \u2013 19.<\/p>\n\n\n\n<p><strong>Confira abaixo a programa\u00e7\u00e3o:<\/strong><\/p>\n\n\n\n<p>Ter\u00e7a-feira, dia 16 \u2013 Davi Louren\u00e7o (Tributo a Dejinha) e Sussa de Monteiro<br>Quarta-feira, dia 17 \u2013 Adriano Silva e Nanado Alves<br>Quinta-feira, dia 18 \u2013 Osmando Silva e J\u00falio Martins<br>Sexta-feira, dia 19 \u2013 Xote Universit\u00e1rio, Ragner Vox, Franklin Dias e Claudilene.<\/p>\n","protected":false},"excerpt":{"rendered":"<p>A Prefeitura de Monteiro, em parceria com o SEBRAE-PB, realizar\u00e1 neste m\u00eas de junho o Arrai\u00e1 Solid\u00e1rio, como forma de buscar apoios para os artistas&hellip; <\/p>\n","protected":false},"author":2,"featured_media":173744,"comment_status":"closed","ping_status":"closed","sticky":false,"template":"","format":"standard","meta":{"sfsi_plus_gutenberg_text_before_share":"","sfsi_plus_gutenberg_show_text_before_share":"","sfsi_plus_gutenberg_icon_type":"","sfsi_plus_gutenberg_icon_alignemt":"","sfsi_plus_gutenburg_max_per_row":"","footnotes":""},"categories":[6],"tags":[],"class_list":["post-173743","post","type-post","status-publish","format-standard","has-post-thumbnail","hentry","category-cidades"],"_links":{"self":[{"href":"https:\/\/www.caririemacao.com\/1\/wp-json\/wp\/v2\/posts\/173743","targetHints":{"allow":["GET"]}}],"collection":[{"href":"https:\/\/www.caririemacao.com\/1\/wp-json\/wp\/v2\/posts"}],"about":[{"href":"https:\/\/www.caririemacao.com\/1\/wp-json\/wp\/v2\/types\/post"}],"author":[{"embeddable":true,"href":"https:\/\/www.caririemacao.com\/1\/wp-json\/wp\/v2\/users\/2"}],"replies":[{"embeddable":true,"href":"https:\/\/www.caririemacao.com\/1\/wp-json\/wp\/v2\/comments?post=173743"}],"version-history":[{"count":1,"href":"https:\/\/www.caririemacao.com\/1\/wp-json\/wp\/v2\/posts\/173743\/revisions"}],"predecessor-version":[{"id":173745,"href":"https:\/\/www.caririemacao.com\/1\/wp-json\/wp\/v2\/posts\/173743\/revisions\/173745"}],"wp:featuredmedia":[{"embeddable":true,"href":"https:\/\/www.caririemacao.com\/1\/wp-json\/wp\/v2\/media\/173744"}],"wp:attachment":[{"href":"https:\/\/www.caririemacao.com\/1\/wp-json\/wp\/v2\/media?parent=173743"}],"wp:term":[{"taxonomy":"category","embeddable":true,"href":"https:\/\/www.caririemacao.com\/1\/wp-json\/wp\/v2\/categories?post=173743"},{"taxonomy":"post_tag","embeddable":true,"href":"https:\/\/www.caririemacao.com\/1\/wp-json\/wp\/v2\/tags?post=173743"}],"curies":[{"name":"wp","href":"https:\/\/api.w.org\/{rel}","templated":true}]}}