{"id":173747,"date":"2020-06-11T08:24:29","date_gmt":"2020-06-11T11:24:29","guid":{"rendered":"https:\/\/www.caririemacao.com\/1\/?p=173747"},"modified":"2020-06-11T08:24:29","modified_gmt":"2020-06-11T11:24:29","slug":"montran-realiza-revitalizacao-da-sinalizacao-horizontal-nas-avenidas-do-municipio-de-monteiro","status":"publish","type":"post","link":"https:\/\/www.caririemacao.com\/1\/2020\/06\/11\/montran-realiza-revitalizacao-da-sinalizacao-horizontal-nas-avenidas-do-municipio-de-monteiro\/","title":{"rendered":"MONTRAN realiza revitaliza\u00e7\u00e3o da sinaliza\u00e7\u00e3o horizontal nas avenidas do munic\u00edpio de Monteiro"},"content":{"rendered":"\n<p>A Superintend\u00eancia Municipal de Tr\u00e2nsito e Transportes de Monteiro \u2013 MONTRAN retomou nesta semana, uma nova etapa do trabalho de sinaliza\u00e7\u00e3o do munic\u00edpio. A a\u00e7\u00e3o faz parte do trabalho de seguran\u00e7a vi\u00e1ria em ruas e avenidas da cidade, proporcionando um tr\u00e2nsito mais seguro, al\u00e9m de prevenir acidentes.<\/p>\n\n\n\n<p>A implanta\u00e7\u00e3o de sinaliza\u00e7\u00e3o e manuten\u00e7\u00e3o com pintura de faixas para pedestres, lombadas, linhas de reten\u00e7\u00e3o entre outros e a manuten\u00e7\u00e3o constante desta sinaliza\u00e7\u00e3o vi\u00e1ria \u00e9 importante em v\u00e1rios aspectos.<\/p>\n\n\n\n<p>A quest\u00e3o da seguran\u00e7a \u00e9 uma das principais preocupa\u00e7\u00f5es do \u00f3rg\u00e3o, e atrav\u00e9s do trabalho di\u00e1rio nas ruas e avenidas da cidade, os agentes, tem levado a orienta\u00e7\u00e3o necess\u00e1ria aos condutores de ve\u00edculos e tamb\u00e9m pedestres sobre a import\u00e2ncia de est\u00e1 sempre atendo e obedecer as sinaliza\u00e7\u00f5es.<\/p>\n\n\n\n<p>A revitaliza\u00e7\u00e3o da sinaliza\u00e7\u00e3o horizontal j\u00e1 pode ser vista em nosso munic\u00edpio, no Bairro do Alto S\u00e3o Vicente, em frente a E.M.E.F Prof\u00ba. Jos\u00e9 de Ara\u00fajo Valen\u00e7a, onde foi revitalizada a pintura da faixa elevada de pedestres no \u00faltimo m\u00eas. j\u00e1 as faixas de pedestres localizadas no centro da cidade no cruzamento entre a C\u00e2mara Municipal e a Pra\u00e7a Parque das \u00c1guas deram inicio a revitaliza\u00e7\u00e3o esta semana.<\/p>\n\n\n\n<p>Todas as a\u00e7\u00f5es ser\u00e3o divididas entre os dias \u00fateis e com a possibilidade de serem realizados aos finais de semana. Neste caso, as interven\u00e7\u00f5es s\u00e3o realizadas para minimizar impactos na fluidez do tr\u00e1fego de ve\u00edculos em vias com grande movimenta\u00e7\u00e3o, al\u00e9m de oferecer mais seguran\u00e7a para a execu\u00e7\u00e3o dos trabalhos.<\/p>\n\n\n\n<p>De acordo com o cronograma, na sequ\u00eancia, tamb\u00e9m receber\u00e3o melhorias de sinaliza\u00e7\u00e3o horizontal, a Rua Padre Arthur Cavalcante, no Centro, e a Rua Epaminondas de Azevedo, pr\u00f3ximo ao Hospital Regional Santa Filomena, al\u00e9m de outros locais estudados por esta Superintend\u00eancia.<\/p>\n\n\n\n<p><em>Ascom PMM<\/em><\/p>\n","protected":false},"excerpt":{"rendered":"<p>A Superintend\u00eancia Municipal de Tr\u00e2nsito e Transportes de Monteiro \u2013 MONTRAN retomou nesta semana, uma nova etapa do trabalho de sinaliza\u00e7\u00e3o do munic\u00edpio. A a\u00e7\u00e3o&hellip; <\/p>\n","protected":false},"author":2,"featured_media":173748,"comment_status":"closed","ping_status":"closed","sticky":false,"template":"","format":"standard","meta":{"sfsi_plus_gutenberg_text_before_share":"","sfsi_plus_gutenberg_show_text_before_share":"","sfsi_plus_gutenberg_icon_type":"","sfsi_plus_gutenberg_icon_alignemt":"","sfsi_plus_gutenburg_max_per_row":"","footnotes":""},"categories":[6,50],"tags":[],"class_list":["post-173747","post","type-post","status-publish","format-standard","has-post-thumbnail","hentry","category-cidades","category-destaque"],"_links":{"self":[{"href":"https:\/\/www.caririemacao.com\/1\/wp-json\/wp\/v2\/posts\/173747","targetHints":{"allow":["GET"]}}],"collection":[{"href":"https:\/\/www.caririemacao.com\/1\/wp-json\/wp\/v2\/posts"}],"about":[{"href":"https:\/\/www.caririemacao.com\/1\/wp-json\/wp\/v2\/types\/post"}],"author":[{"embeddable":true,"href":"https:\/\/www.caririemacao.com\/1\/wp-json\/wp\/v2\/users\/2"}],"replies":[{"embeddable":true,"href":"https:\/\/www.caririemacao.com\/1\/wp-json\/wp\/v2\/comments?post=173747"}],"version-history":[{"count":1,"href":"https:\/\/www.caririemacao.com\/1\/wp-json\/wp\/v2\/posts\/173747\/revisions"}],"predecessor-version":[{"id":173749,"href":"https:\/\/www.caririemacao.com\/1\/wp-json\/wp\/v2\/posts\/173747\/revisions\/173749"}],"wp:featuredmedia":[{"embeddable":true,"href":"https:\/\/www.caririemacao.com\/1\/wp-json\/wp\/v2\/media\/173748"}],"wp:attachment":[{"href":"https:\/\/www.caririemacao.com\/1\/wp-json\/wp\/v2\/media?parent=173747"}],"wp:term":[{"taxonomy":"category","embeddable":true,"href":"https:\/\/www.caririemacao.com\/1\/wp-json\/wp\/v2\/categories?post=173747"},{"taxonomy":"post_tag","embeddable":true,"href":"https:\/\/www.caririemacao.com\/1\/wp-json\/wp\/v2\/tags?post=173747"}],"curies":[{"name":"wp","href":"https:\/\/api.w.org\/{rel}","templated":true}]}}