{"id":173751,"date":"2020-06-11T08:32:30","date_gmt":"2020-06-11T11:32:30","guid":{"rendered":"https:\/\/www.caririemacao.com\/1\/?p=173751"},"modified":"2020-06-11T08:32:30","modified_gmt":"2020-06-11T11:32:30","slug":"bolsonaro-recria-ministerio-e-entrega-comando-ao-genro-de-silvio-santos","status":"publish","type":"post","link":"https:\/\/www.caririemacao.com\/1\/2020\/06\/11\/bolsonaro-recria-ministerio-e-entrega-comando-ao-genro-de-silvio-santos\/","title":{"rendered":"Bolsonaro recria Minist\u00e9rio e entrega comando ao genro de Silvio Santos"},"content":{"rendered":"\n<p>O presidente Jair Bolsonaro (sem partido) anunciou na noite desta quarta-feira (10) o desmembramento do Minist\u00e9rio da Ci\u00eancia e Tecnologia e a recria\u00e7\u00e3o da pasta das Comunica\u00e7\u00f5es.<\/p>\n\n\n\n<p>Para o posto de novo ministro, Bolsonaro nomear\u00e1 o deputado F\u00e1bio Faria (PSD-RN). Ele \u00e9 genro de Silvio Santos, dono da rede de televis\u00e3o SBT.<\/p>\n\n\n\n<p>A Ci\u00eancia e Tecnologia \u00e9 comandada pelo astronauta Marcos Pontes e vinha sendo alvo da cobi\u00e7a de legendas do centr\u00e3o, que passaram a apoiar o governo Bolsonaro.<\/p>\n\n\n\n<p>O PSD \u00e9 comandado pelo ex-prefeito de S\u00e3o Paulo, Gilbero Kassab.<\/p>\n\n\n\n<p>\u201cNesta data, via MP, fica recriado o Minist\u00e9rio das Comunica\u00e7\u00f5es a partir do desmembramento do Minist\u00e9rio de Ci\u00eancia, Tecnologia, Inova\u00e7\u00f5es e Comunica\u00e7\u00f5es\u201d, escreveu Bolsonaro no Facebook. \u201cPara a pasta foi nomeado como titular o Deputado Fabio Faria\/RN.\u201d<\/p>\n","protected":false},"excerpt":{"rendered":"<p>O presidente Jair Bolsonaro (sem partido) anunciou na noite desta quarta-feira (10) o desmembramento do Minist\u00e9rio da Ci\u00eancia e Tecnologia e a recria\u00e7\u00e3o da pasta&hellip; <\/p>\n","protected":false},"author":2,"featured_media":173752,"comment_status":"closed","ping_status":"closed","sticky":false,"template":"","format":"standard","meta":{"sfsi_plus_gutenberg_text_before_share":"","sfsi_plus_gutenberg_show_text_before_share":"","sfsi_plus_gutenberg_icon_type":"","sfsi_plus_gutenberg_icon_alignemt":"","sfsi_plus_gutenburg_max_per_row":"","footnotes":""},"categories":[50,11],"tags":[],"class_list":["post-173751","post","type-post","status-publish","format-standard","has-post-thumbnail","hentry","category-destaque","category-politica"],"_links":{"self":[{"href":"https:\/\/www.caririemacao.com\/1\/wp-json\/wp\/v2\/posts\/173751","targetHints":{"allow":["GET"]}}],"collection":[{"href":"https:\/\/www.caririemacao.com\/1\/wp-json\/wp\/v2\/posts"}],"about":[{"href":"https:\/\/www.caririemacao.com\/1\/wp-json\/wp\/v2\/types\/post"}],"author":[{"embeddable":true,"href":"https:\/\/www.caririemacao.com\/1\/wp-json\/wp\/v2\/users\/2"}],"replies":[{"embeddable":true,"href":"https:\/\/www.caririemacao.com\/1\/wp-json\/wp\/v2\/comments?post=173751"}],"version-history":[{"count":1,"href":"https:\/\/www.caririemacao.com\/1\/wp-json\/wp\/v2\/posts\/173751\/revisions"}],"predecessor-version":[{"id":173753,"href":"https:\/\/www.caririemacao.com\/1\/wp-json\/wp\/v2\/posts\/173751\/revisions\/173753"}],"wp:featuredmedia":[{"embeddable":true,"href":"https:\/\/www.caririemacao.com\/1\/wp-json\/wp\/v2\/media\/173752"}],"wp:attachment":[{"href":"https:\/\/www.caririemacao.com\/1\/wp-json\/wp\/v2\/media?parent=173751"}],"wp:term":[{"taxonomy":"category","embeddable":true,"href":"https:\/\/www.caririemacao.com\/1\/wp-json\/wp\/v2\/categories?post=173751"},{"taxonomy":"post_tag","embeddable":true,"href":"https:\/\/www.caririemacao.com\/1\/wp-json\/wp\/v2\/tags?post=173751"}],"curies":[{"name":"wp","href":"https:\/\/api.w.org\/{rel}","templated":true}]}}