{"id":173755,"date":"2020-06-11T08:36:04","date_gmt":"2020-06-11T11:36:04","guid":{"rendered":"https:\/\/www.caririemacao.com\/1\/?p=173755"},"modified":"2020-06-11T08:36:04","modified_gmt":"2020-06-11T11:36:04","slug":"tribunal-de-contas-decide-investigar-gastos-no-cartao-da-presidencia","status":"publish","type":"post","link":"https:\/\/www.caririemacao.com\/1\/2020\/06\/11\/tribunal-de-contas-decide-investigar-gastos-no-cartao-da-presidencia\/","title":{"rendered":"Tribunal de Contas decide investigar gastos no cart\u00e3o da Presid\u00eancia"},"content":{"rendered":"\n<p>O TCU (Tribunal de Contas da Uni\u00e3o) aprovou na noite desta quarta-feira (10) um pedido para que sejam apuradas poss\u00edveis irregularidades nos gastos com cart\u00e3o corporativo pela Presid\u00eancia da Rep\u00fablica.<\/p>\n\n\n\n<p>As despesas vieram a p\u00fablico no m\u00eas passado e t\u00eam sido maiores na gest\u00e3o do presidente Jair Bolsonaro (sem partido) do que na de seus antecessores Michel Temer (MDB) e Dilma Rousseff (PT).<\/p>\n\n\n\n<p>O pedido, feito pelo senador Fabiano Contarato (Rede-ES), foi analisado pelo relator Vital do R\u00eago, que sugeriu uma auditoria sobre os gastos do cart\u00e3o presidencial. A decis\u00e3o do plen\u00e1rio favor\u00e1vel a seu pedido foi un\u00e2nime.<\/p>\n\n\n\n<p>Por enquanto o tribunal decidiu instaurar uma auditoria para apurar a legalidade dos gastos. O relator preferiu adiar a decis\u00e3o sobre a publicidade deles, outro pedido feito pelo senador.<\/p>\n\n\n\n<p>A probabilidade \u00e9 que o TCU s\u00f3 decida sobre a publicidade dos gastos se os auditores conclu\u00edrem que houve dano aos cofres p\u00fablicos. Os fiscais ter\u00e3o acesso a todas as despesas em um processo que correr\u00e1 sob sigilo.<\/p>\n\n\n\n<p>No final, o tribunal pode arquivar a a\u00e7\u00e3o ou determinar a aplica\u00e7\u00e3o de multa e devolu\u00e7\u00e3o do dinheiro, caso tenha ocorrido qualquer irregularidade.<\/p>\n\n\n\n<p>Os gastos na atual gest\u00e3o ficaram, em m\u00e9dia, em R$ 709,6 mil por m\u00eas, alta de 60% em rela\u00e7\u00e3o ao governo do emedebista e de 3% em compara\u00e7\u00e3o com a administra\u00e7\u00e3o da petista.<\/p>\n\n\n\n<p>O valor total das despesas do cart\u00e3o da presid\u00eancia s\u00e3o divulgados, mas a maioria dos gastos fica sob sigilo, como alimenta\u00e7\u00e3o e transporte de Bolsonaro.<\/p>\n\n\n\n<p>A justificativa \u00e9 que a rotina presidencial \u00e9 sens\u00edvel e sua exposi\u00e7\u00e3o pode colocar em risco o chefe do Executivo.<\/p>\n\n\n\n<p>Em fevereiro deste ano, a agenda do presidente registrou viagens de Bolsonaro a S\u00e3o Paulo, Rio de Janeiro, Par\u00e1, al\u00e9m de um deslocamento para o Guaruj\u00e1, litoral paulista, no feriado de Carnaval.<\/p>\n\n\n\n<p>Tamb\u00e9m foram computados em mar\u00e7o os gastos com a viagem para o resgate, em fevereiro, dos 34 brasileiros que estavam em Wuhan, na China, cidade de onde partiu o novo coronav\u00edrus.<\/p>\n\n\n\n<p>Ap\u00f3s a decis\u00e3o do TCU, Contarato se pronunciou: &#8220;transpar\u00eancia \u00e9 fundamental. \u00c9 instrumento de combate \u00e0 corrup\u00e7\u00e3o&#8221;.<\/p>\n\n\n\n<p>Ele cita a LAI (Lei de Acesso \u00e0 Informa\u00e7\u00e3o), que &#8220;disp\u00f5e expressamente acerca da observ\u00e2ncia da publicidade como preceito geral e do sigilo como exce\u00e7\u00e3o&#8221;. &#8220;A publicidade \u00e9 princ\u00edpio que pauta toda a administra\u00e7\u00e3o p\u00fablica e o exemplo deve partir do Presidente da Rep\u00fablica&#8221;, afirmou.<\/p>\n","protected":false},"excerpt":{"rendered":"<p>O TCU (Tribunal de Contas da Uni\u00e3o) aprovou na noite desta quarta-feira (10) um pedido para que sejam apuradas poss\u00edveis irregularidades nos gastos com cart\u00e3o&hellip; <\/p>\n","protected":false},"author":2,"featured_media":173112,"comment_status":"closed","ping_status":"closed","sticky":false,"template":"","format":"standard","meta":{"sfsi_plus_gutenberg_text_before_share":"","sfsi_plus_gutenberg_show_text_before_share":"","sfsi_plus_gutenberg_icon_type":"","sfsi_plus_gutenberg_icon_alignemt":"","sfsi_plus_gutenburg_max_per_row":"","footnotes":""},"categories":[2],"tags":[],"class_list":["post-173755","post","type-post","status-publish","format-standard","has-post-thumbnail","hentry","category-geral"],"_links":{"self":[{"href":"https:\/\/www.caririemacao.com\/1\/wp-json\/wp\/v2\/posts\/173755","targetHints":{"allow":["GET"]}}],"collection":[{"href":"https:\/\/www.caririemacao.com\/1\/wp-json\/wp\/v2\/posts"}],"about":[{"href":"https:\/\/www.caririemacao.com\/1\/wp-json\/wp\/v2\/types\/post"}],"author":[{"embeddable":true,"href":"https:\/\/www.caririemacao.com\/1\/wp-json\/wp\/v2\/users\/2"}],"replies":[{"embeddable":true,"href":"https:\/\/www.caririemacao.com\/1\/wp-json\/wp\/v2\/comments?post=173755"}],"version-history":[{"count":1,"href":"https:\/\/www.caririemacao.com\/1\/wp-json\/wp\/v2\/posts\/173755\/revisions"}],"predecessor-version":[{"id":173756,"href":"https:\/\/www.caririemacao.com\/1\/wp-json\/wp\/v2\/posts\/173755\/revisions\/173756"}],"wp:featuredmedia":[{"embeddable":true,"href":"https:\/\/www.caririemacao.com\/1\/wp-json\/wp\/v2\/media\/173112"}],"wp:attachment":[{"href":"https:\/\/www.caririemacao.com\/1\/wp-json\/wp\/v2\/media?parent=173755"}],"wp:term":[{"taxonomy":"category","embeddable":true,"href":"https:\/\/www.caririemacao.com\/1\/wp-json\/wp\/v2\/categories?post=173755"},{"taxonomy":"post_tag","embeddable":true,"href":"https:\/\/www.caririemacao.com\/1\/wp-json\/wp\/v2\/tags?post=173755"}],"curies":[{"name":"wp","href":"https:\/\/api.w.org\/{rel}","templated":true}]}}