{"id":173758,"date":"2020-06-11T09:13:35","date_gmt":"2020-06-11T12:13:35","guid":{"rendered":"https:\/\/www.caririemacao.com\/1\/?p=173758"},"modified":"2020-06-11T09:13:35","modified_gmt":"2020-06-11T12:13:35","slug":"homem-e-preso-por-crime-maria-da-penha-na-cidade-da-prata","status":"publish","type":"post","link":"https:\/\/www.caririemacao.com\/1\/2020\/06\/11\/homem-e-preso-por-crime-maria-da-penha-na-cidade-da-prata\/","title":{"rendered":"Homem \u00e9 preso por crime Maria da Penha na cidade da Prata"},"content":{"rendered":"\n<p>Por volta das 21:50hs da quinta-feira (10), a Pol\u00edcia Militar foi acionada via COPOM (190) para averiguar uma suposta briga de casal na Vila quarenta, cidade da Prata.<\/p>\n\n\n\n<p>Os policias foram ao local e constataram o fato, a v\u00edtima relatou que foi agredida pelo seu companheiro com socos e chutes na frente dos filhos menores de idade. O acusado com 34 anos de idade, reagiu com presen\u00e7a dos policias, e teve que ser contido e levado para a Delegacia de Pol\u00edcia Civil de Monteiro.<\/p>\n\n\n\n<p><em>11\u00ba BPM \u2013 Batalh\u00e3o 1\u00ba SGT Ylton Sales Silva<\/em><br><em>Se\u00e7\u00e3o de Comunica\u00e7\u00e3o Social e Marketing Institucional do 11\u00ba BPM<\/em><\/p>\n","protected":false},"excerpt":{"rendered":"<p>Por volta das 21:50hs da quinta-feira (10), a Pol\u00edcia Militar foi acionada via COPOM (190) para averiguar uma suposta briga de casal na Vila quarenta,&hellip; <\/p>\n","protected":false},"author":1,"featured_media":173759,"comment_status":"closed","ping_status":"closed","sticky":false,"template":"","format":"standard","meta":{"sfsi_plus_gutenberg_text_before_share":"","sfsi_plus_gutenberg_show_text_before_share":"","sfsi_plus_gutenberg_icon_type":"","sfsi_plus_gutenberg_icon_alignemt":"","sfsi_plus_gutenburg_max_per_row":"","footnotes":""},"categories":[6,12],"tags":[],"class_list":["post-173758","post","type-post","status-publish","format-standard","has-post-thumbnail","hentry","category-cidades","category-policia"],"_links":{"self":[{"href":"https:\/\/www.caririemacao.com\/1\/wp-json\/wp\/v2\/posts\/173758","targetHints":{"allow":["GET"]}}],"collection":[{"href":"https:\/\/www.caririemacao.com\/1\/wp-json\/wp\/v2\/posts"}],"about":[{"href":"https:\/\/www.caririemacao.com\/1\/wp-json\/wp\/v2\/types\/post"}],"author":[{"embeddable":true,"href":"https:\/\/www.caririemacao.com\/1\/wp-json\/wp\/v2\/users\/1"}],"replies":[{"embeddable":true,"href":"https:\/\/www.caririemacao.com\/1\/wp-json\/wp\/v2\/comments?post=173758"}],"version-history":[{"count":1,"href":"https:\/\/www.caririemacao.com\/1\/wp-json\/wp\/v2\/posts\/173758\/revisions"}],"predecessor-version":[{"id":173760,"href":"https:\/\/www.caririemacao.com\/1\/wp-json\/wp\/v2\/posts\/173758\/revisions\/173760"}],"wp:featuredmedia":[{"embeddable":true,"href":"https:\/\/www.caririemacao.com\/1\/wp-json\/wp\/v2\/media\/173759"}],"wp:attachment":[{"href":"https:\/\/www.caririemacao.com\/1\/wp-json\/wp\/v2\/media?parent=173758"}],"wp:term":[{"taxonomy":"category","embeddable":true,"href":"https:\/\/www.caririemacao.com\/1\/wp-json\/wp\/v2\/categories?post=173758"},{"taxonomy":"post_tag","embeddable":true,"href":"https:\/\/www.caririemacao.com\/1\/wp-json\/wp\/v2\/tags?post=173758"}],"curies":[{"name":"wp","href":"https:\/\/api.w.org\/{rel}","templated":true}]}}