{"id":173764,"date":"2020-06-11T09:57:23","date_gmt":"2020-06-11T12:57:23","guid":{"rendered":"https:\/\/www.caririemacao.com\/1\/?p=173764"},"modified":"2020-06-11T09:57:23","modified_gmt":"2020-06-11T12:57:23","slug":"ministerio-da-saude-cogita-realizar-diagnosticos-de-covid-19-sem-aplicar-testes","status":"publish","type":"post","link":"https:\/\/www.caririemacao.com\/1\/2020\/06\/11\/ministerio-da-saude-cogita-realizar-diagnosticos-de-covid-19-sem-aplicar-testes\/","title":{"rendered":"Minist\u00e9rio da Sa\u00fade cogita realizar diagn\u00f3sticos de Covid-19 sem aplicar testes"},"content":{"rendered":"\n<h1 class=\"wp-block-heading\"><\/h1>\n\n\n\n<p>Por esse modelo, m\u00e9dicos e autoridades de sa\u00fade poderiam notificar o caso de infec\u00e7\u00e3o pelo novo coronav\u00edrus por meio do hist\u00f3rico de exposi\u00e7\u00e3o ao v\u00edrus e da an\u00e1lise dos sintomas e com exames ambulatoriais, como radiografias e tomografias. Ou seja, n\u00e3o haveria aplica\u00e7\u00e3o de testes.<\/p>\n\n\n\n<p>A testagem, portanto, seria aplicada apenas para uma parcela dos brasileiros. Os profissionais da sa\u00fade e gestores definiriam, por amostragem, os grupos e casos que deveriam realizar os testes.<\/p>\n\n\n\n<p>Embora a proposta n\u00e3o seja nova, o assunto foi retomado recentemente, segundo informou um servidor do Minist\u00e9rio da Sa\u00fade. Os debates se intensificaram entre a pasta e o Conass (Conselho Nacional de Secret\u00e1rios de Sa\u00fade) e Conasems (Conselho Nacional de Secretarias Municipais de Sa\u00fade).<\/p>\n\n\n\n<p>Na segunda-feira (15), haver\u00e1 uma nova reuni\u00e3o entre as partes para discutir o assunto, ainda em fase de matura\u00e7\u00e3o. Caso haja entendimento nas pr\u00f3ximas semanas, uma nota t\u00e9cnica com a nova diretriz ser\u00e1 publicada em breve.<\/p>\n\n\n\n<p>Um secret\u00e1rio estadual de sa\u00fade, falando sob condi\u00e7\u00e3o de anonimato, afirmou que uma nova diretriz nesse sentido seria ben\u00e9fica, pois os gestores poderiam organizar um programa priorit\u00e1rio de testagem e diagnosticar os demais sem aplica\u00e7\u00e3o dos testes.<\/p>\n\n\n\n<p>No entanto, esse secret\u00e1rio manifesta receio de que a distribui\u00e7\u00e3o de testes seja abandonada ou reduzida, caso a nova diretriz entre em vigor.<\/p>\n\n\n\n<p>A proposta de ado\u00e7\u00e3o do v\u00ednculo epidemiol\u00f3gico chegou a ser defendida pelo ex-ministro Luiz Henrique Mandetta no in\u00edcio da pandemia, em mar\u00e7o, antes do registro do primeiro \u00f3bito em decorr\u00eancia da Covid.<\/p>\n\n\n\n<p>Mandetta questionou, na ocasi\u00e3o, o investimento em testes para detectar o v\u00edrus.<\/p>\n\n\n\n<p>\u201c\u00c9 igual falar assim: no come\u00e7o passa um bicho e eu n\u00e3o sei o que \u00e9. Vou l\u00e1 e colho, fa\u00e7o um DNA e falo que \u00e9 um gato. Depois que passarem mil gatos, eu falo: \u2018Ele tem corpo de gato, rabo de gato, faz miau e tem bigode\u2019. Eu presumo que \u00e9 um gato, posso dizer que passou um gato e n\u00e3o preciso de teste de DNA\u201d, disse.<\/p>\n\n\n\n<p>Com o avan\u00e7o da pandemia no Brasil e a orienta\u00e7\u00e3o da OMS (Organiza\u00e7\u00e3o Mundial de Sa\u00fade) para promover uma grande testagem, a proposta foi para a gaveta.<\/p>\n\n\n\n<p>O governo Jair Bolsonaro prometeu, ent\u00e3o, uma testagem massiva da popula\u00e7\u00e3o, mas ainda n\u00e3o conseguiu tirar os planos do papel.<\/p>\n\n\n\n<p>O minist\u00e9rio prometeu distribuir para os estados 24 milh\u00f5es de testes do tipo RT-PCR, mais confi\u00e1veis na detec\u00e7\u00e3o da Covid. No entanto, at\u00e9 o fim da semana passada, apenas 3,129 milh\u00f5es haviam chegado a estados e munic\u00edpios, segundo informou a pasta em entrevista coletiva no Pal\u00e1cio do Planalto. Desse total distribu\u00eddo, apenas 752.448 foram aplicados e as mostras encaminhadas para os laborat\u00f3rios.<\/p>\n\n\n\n<p>T\u00e9cnicos da pasta argumentam que a pr\u00e1tica j\u00e1 \u00e9 usada para outras doen\u00e7as, como dengue e chikungunya, entre outras, e afirmam que seria uma forma de preencher a lacuna da subnotifica\u00e7\u00e3o. Portanto, caso esse modelo seja adotado, deve haver uma forte alta no total de casos registrados.<\/p>\n\n\n\n<p>No caso da Covid-19, a an\u00e1lise dos sintomas, de poss\u00edveis contato com pessoas infectadas e alguns exames hospitalares seriam usados.<\/p>\n\n\n\n<p>Um t\u00e9cnico cita como exemplo um caso de SRAG (S\u00edndrome Respirat\u00f3ria Aguda Grave) que poderia ter sua infec\u00e7\u00e3o pelo v\u00edrus detectada por radiografia do pulm\u00e3o.<\/p>\n\n\n\n<p>Uma aposta para colocar em pr\u00e1tica essa nova diretriz s\u00e3o os centros de triagem. Na semana passada, o governo anunciou um programa de libera\u00e7\u00e3o de R$ 1,2 bilh\u00e3o para que estados e munic\u00edpios criem centros de triagem espec\u00edficos para o coronav\u00edrus.<\/p>\n\n\n\n<p>Esses postos serviriam para detectar casos leves ou pacientes no est\u00e1gio inicial da doen\u00e7a, evitando que aguardem o agravamento do quadro para buscar atendimento.<\/p>\n\n\n\n<p>Embora algumas unidades devam contar com testes, a an\u00e1lise por v\u00ednculo epidemiol\u00f3gico seria aplicada para detectar poss\u00edveis casos da Covid e assim adotar medidas, como tratamentos e isolamento do paciente.<\/p>\n","protected":false},"excerpt":{"rendered":"<p>Por esse modelo, m\u00e9dicos e autoridades de sa\u00fade poderiam notificar o caso de infec\u00e7\u00e3o pelo novo coronav\u00edrus por meio do hist\u00f3rico de exposi\u00e7\u00e3o ao v\u00edrus&hellip; <\/p>\n","protected":false},"author":2,"featured_media":173765,"comment_status":"closed","ping_status":"closed","sticky":false,"template":"","format":"standard","meta":{"sfsi_plus_gutenberg_text_before_share":"","sfsi_plus_gutenberg_show_text_before_share":"","sfsi_plus_gutenberg_icon_type":"","sfsi_plus_gutenberg_icon_alignemt":"","sfsi_plus_gutenburg_max_per_row":"","footnotes":""},"categories":[16],"tags":[],"class_list":["post-173764","post","type-post","status-publish","format-standard","has-post-thumbnail","hentry","category-saude"],"_links":{"self":[{"href":"https:\/\/www.caririemacao.com\/1\/wp-json\/wp\/v2\/posts\/173764","targetHints":{"allow":["GET"]}}],"collection":[{"href":"https:\/\/www.caririemacao.com\/1\/wp-json\/wp\/v2\/posts"}],"about":[{"href":"https:\/\/www.caririemacao.com\/1\/wp-json\/wp\/v2\/types\/post"}],"author":[{"embeddable":true,"href":"https:\/\/www.caririemacao.com\/1\/wp-json\/wp\/v2\/users\/2"}],"replies":[{"embeddable":true,"href":"https:\/\/www.caririemacao.com\/1\/wp-json\/wp\/v2\/comments?post=173764"}],"version-history":[{"count":1,"href":"https:\/\/www.caririemacao.com\/1\/wp-json\/wp\/v2\/posts\/173764\/revisions"}],"predecessor-version":[{"id":173766,"href":"https:\/\/www.caririemacao.com\/1\/wp-json\/wp\/v2\/posts\/173764\/revisions\/173766"}],"wp:featuredmedia":[{"embeddable":true,"href":"https:\/\/www.caririemacao.com\/1\/wp-json\/wp\/v2\/media\/173765"}],"wp:attachment":[{"href":"https:\/\/www.caririemacao.com\/1\/wp-json\/wp\/v2\/media?parent=173764"}],"wp:term":[{"taxonomy":"category","embeddable":true,"href":"https:\/\/www.caririemacao.com\/1\/wp-json\/wp\/v2\/categories?post=173764"},{"taxonomy":"post_tag","embeddable":true,"href":"https:\/\/www.caririemacao.com\/1\/wp-json\/wp\/v2\/tags?post=173764"}],"curies":[{"name":"wp","href":"https:\/\/api.w.org\/{rel}","templated":true}]}}