{"id":173773,"date":"2020-06-11T10:04:12","date_gmt":"2020-06-11T13:04:12","guid":{"rendered":"https:\/\/www.caririemacao.com\/1\/?p=173773"},"modified":"2020-06-11T10:04:12","modified_gmt":"2020-06-11T13:04:12","slug":"prefeitura-de-sume-inicia-campanha-contra-o-trabalho-infantil-2020","status":"publish","type":"post","link":"https:\/\/www.caririemacao.com\/1\/2020\/06\/11\/prefeitura-de-sume-inicia-campanha-contra-o-trabalho-infantil-2020\/","title":{"rendered":"Prefeitura de Sum\u00e9 inicia Campanha Contra o Trabalho Infantil 2020"},"content":{"rendered":"\n<h1 class=\"wp-block-heading\"><\/h1>\n\n\n\n<p>A Prefeitura de Sum\u00e9 deu in\u00edcio \u00e0 campanha de Combate ao Trabalho Infantil, que \u00e9 realizada pelo quarto ano consecutivo no munic\u00edpio. Este ano a campanha traz o tema: \u201c<em>Covid-19: agora mais do que nunca precisamos proteger nossas crian\u00e7as e adolescentes.<\/em>\u201d<\/p>\n\n\n\n<p>A campanha iniciou com os conselheiros tutelares colando cartazes em v\u00e1rios pontos da cidade com o intuito de informar a popula\u00e7\u00e3o dos malef\u00edcios do trabalho infantil.<\/p>\n\n\n\n<figure class=\"wp-block-image\"><a href=\"https:\/\/www.sume.pb.gov.br\/wp-content\/uploads\/2020\/06\/IMG-20200605-WA0051.jpg\"><img decoding=\"async\" data-src=\"https:\/\/www.sume.pb.gov.br\/wp-content\/uploads\/2020\/06\/IMG-20200605-WA0051-300x146.jpg\" alt=\"\" src=\"data:image\/svg+xml;base64,PHN2ZyB3aWR0aD0iMSIgaGVpZ2h0PSIxIiB4bWxucz0iaHR0cDovL3d3dy53My5vcmcvMjAwMC9zdmciPjwvc3ZnPg==\" class=\"lazyload\" style=\"--smush-placeholder-width: 300px; --smush-placeholder-aspect-ratio: 300\/146;\" \/><\/a><\/figure>\n\n\n\n<figure class=\"wp-block-image\"><a href=\"https:\/\/www.sume.pb.gov.br\/wp-content\/uploads\/2020\/06\/IMG-20200605-WA0054.jpg\"><img decoding=\"async\" data-src=\"https:\/\/www.sume.pb.gov.br\/wp-content\/uploads\/2020\/06\/IMG-20200605-WA0054-300x146.jpg\" alt=\"\" src=\"data:image\/svg+xml;base64,PHN2ZyB3aWR0aD0iMSIgaGVpZ2h0PSIxIiB4bWxucz0iaHR0cDovL3d3dy53My5vcmcvMjAwMC9zdmciPjwvc3ZnPg==\" class=\"lazyload\" style=\"--smush-placeholder-width: 300px; --smush-placeholder-aspect-ratio: 300\/146;\" \/><\/a><\/figure>\n\n\n\n<figure class=\"wp-block-image\"><a href=\"https:\/\/www.sume.pb.gov.br\/wp-content\/uploads\/2020\/06\/IMG-20200605-WA0058.jpg\"><img decoding=\"async\" data-src=\"https:\/\/www.sume.pb.gov.br\/wp-content\/uploads\/2020\/06\/IMG-20200605-WA0058-300x146.jpg\" alt=\"\" src=\"data:image\/svg+xml;base64,PHN2ZyB3aWR0aD0iMSIgaGVpZ2h0PSIxIiB4bWxucz0iaHR0cDovL3d3dy53My5vcmcvMjAwMC9zdmciPjwvc3ZnPg==\" class=\"lazyload\" style=\"--smush-placeholder-width: 300px; --smush-placeholder-aspect-ratio: 300\/146;\" \/><\/a><\/figure>\n\n\n\n<p>Como eventos com aglomera\u00e7\u00f5es n\u00e3o est\u00e3o sendo permitidos devido \u00e0 pandemia da Covid-19, o munic\u00edpio intensificou as a\u00e7\u00f5es informativas por meio das redes sociais, que contar\u00e1 com lives, divulga\u00e7\u00e3o em material audiovisual e a\u00e7\u00f5es na Sa\u00fade e na Educa\u00e7\u00e3o.<\/p>\n\n\n\n<p>A equipe do Centro de Refer\u00eancia Especializado em Assist\u00eancia Social (Creas) disponibilizou na Casinha da Leitura, localizada na Pra\u00e7a Jos\u00e9 Am\u00e9rico, livros e hist\u00f3rias em quadrinhos que abordam o tema Trabalho Infantil. Os livros tamb\u00e9m trazem passatempos educativos (quebra cabe\u00e7a, curiosidades, tabuleiro e cruzadinha).<\/p>\n\n\n\n<figure class=\"wp-block-image\"><a href=\"https:\/\/www.sume.pb.gov.br\/wp-content\/uploads\/2020\/06\/IMG-20200608-WA0025.jpg\"><img decoding=\"async\" data-src=\"https:\/\/www.sume.pb.gov.br\/wp-content\/uploads\/2020\/06\/IMG-20200608-WA0025-225x300.jpg\" alt=\"\" src=\"data:image\/svg+xml;base64,PHN2ZyB3aWR0aD0iMSIgaGVpZ2h0PSIxIiB4bWxucz0iaHR0cDovL3d3dy53My5vcmcvMjAwMC9zdmciPjwvc3ZnPg==\" class=\"lazyload\" style=\"--smush-placeholder-width: 225px; --smush-placeholder-aspect-ratio: 225\/300;\" \/><\/a><\/figure>\n\n\n\n<figure class=\"wp-block-image\"><a href=\"https:\/\/www.sume.pb.gov.br\/wp-content\/uploads\/2020\/06\/IMG-20200608-WA0027.jpg\"><img decoding=\"async\" data-src=\"https:\/\/www.sume.pb.gov.br\/wp-content\/uploads\/2020\/06\/IMG-20200608-WA0027-225x300.jpg\" alt=\"\" src=\"data:image\/svg+xml;base64,PHN2ZyB3aWR0aD0iMSIgaGVpZ2h0PSIxIiB4bWxucz0iaHR0cDovL3d3dy53My5vcmcvMjAwMC9zdmciPjwvc3ZnPg==\" class=\"lazyload\" style=\"--smush-placeholder-width: 225px; --smush-placeholder-aspect-ratio: 225\/300;\" \/><\/a><\/figure>\n\n\n\n<figure class=\"wp-block-image\"><a href=\"https:\/\/www.sume.pb.gov.br\/wp-content\/uploads\/2020\/06\/IMG-20200608-WA0036.jpg\"><img decoding=\"async\" data-src=\"https:\/\/www.sume.pb.gov.br\/wp-content\/uploads\/2020\/06\/IMG-20200608-WA0036-225x300.jpg\" alt=\"\" src=\"data:image\/svg+xml;base64,PHN2ZyB3aWR0aD0iMSIgaGVpZ2h0PSIxIiB4bWxucz0iaHR0cDovL3d3dy53My5vcmcvMjAwMC9zdmciPjwvc3ZnPg==\" class=\"lazyload\" style=\"--smush-placeholder-width: 225px; --smush-placeholder-aspect-ratio: 225\/300;\" \/><\/a><\/figure>\n\n\n\n<p><strong>Confira a programa\u00e7\u00e3o:<\/strong><\/p>\n\n\n\n<p><strong>O8\/06<\/strong>&nbsp;\u2013 Distribui\u00e7\u00e3o de livros e material educativo (cruzadinha, jogo de tabuleiro, curiosidades) sobre Trabalho Infantil na Casinha de Leitura, na Pra\u00e7a Jos\u00e9 Am\u00e9rico;<br><strong>10\/06<\/strong>&nbsp;\u2013 A\u00e7\u00e3o educativa com entrega de&nbsp;<em>lixocar<\/em>&nbsp;abordando o tema Trabalho Infantil (seguindo os protocolos da OMS), nos lava-jatos da cidade.<br><strong>10\/06<\/strong>&nbsp;\u2013&nbsp;Live sobre Experi\u00eancias Municipais de Combate ao Trabalho Infantil com o procurador do Minist\u00e9rio P\u00fablico do Trabalho e coordenador geral da Rede Peteca, Ant\u00f4nio Oliveira.<br><strong>11\/06<\/strong>&nbsp;\u2013&nbsp;Divulga\u00e7\u00e3o de material audiovisual sobre Trabalho Infantil (conceito, simbologia, consequ\u00eancias, legisla\u00e7\u00e3o), produzido pela equipe t\u00e9cnica do Centro de Refer\u00eancia Especializado em Assist\u00eancia Social (Creas).<br><strong>12\/06<\/strong>&nbsp;\u2013 Conversa\u00e7\u00e3o sobre Trabalho Infantil com a assistente social, Roberv\u00e2nia Vilar, na R\u00e1dio 95 FM \u2013 Sum\u00e9, \u00e0s 11h.<br><strong>12\/06<\/strong>&nbsp;\u2013&nbsp;Live \u00e0s 19h, no facebook Not\u00edcias em Destaque, com a advogada do Creas, Aluska Kallyne.<br><strong>13\/06<\/strong>&nbsp;\u2013 Entrevista sobre a Campanha Municipal de Combate ao Trabalho Infantil com a coordenadora do Creas, Francismere Passos, pela R\u00e1dio 95 FM, \u00e0s 11h.<\/p>\n\n\n\n<p>Ascom PMS<\/p>\n","protected":false},"excerpt":{"rendered":"<p>A Prefeitura de Sum\u00e9 deu in\u00edcio \u00e0 campanha de Combate ao Trabalho Infantil, que \u00e9 realizada pelo quarto ano consecutivo no munic\u00edpio. Este ano a&hellip; <\/p>\n","protected":false},"author":2,"featured_media":164500,"comment_status":"closed","ping_status":"closed","sticky":false,"template":"","format":"standard","meta":{"sfsi_plus_gutenberg_text_before_share":"","sfsi_plus_gutenberg_show_text_before_share":"","sfsi_plus_gutenberg_icon_type":"","sfsi_plus_gutenberg_icon_alignemt":"","sfsi_plus_gutenburg_max_per_row":"","footnotes":""},"categories":[2],"tags":[],"class_list":["post-173773","post","type-post","status-publish","format-standard","has-post-thumbnail","hentry","category-geral"],"_links":{"self":[{"href":"https:\/\/www.caririemacao.com\/1\/wp-json\/wp\/v2\/posts\/173773","targetHints":{"allow":["GET"]}}],"collection":[{"href":"https:\/\/www.caririemacao.com\/1\/wp-json\/wp\/v2\/posts"}],"about":[{"href":"https:\/\/www.caririemacao.com\/1\/wp-json\/wp\/v2\/types\/post"}],"author":[{"embeddable":true,"href":"https:\/\/www.caririemacao.com\/1\/wp-json\/wp\/v2\/users\/2"}],"replies":[{"embeddable":true,"href":"https:\/\/www.caririemacao.com\/1\/wp-json\/wp\/v2\/comments?post=173773"}],"version-history":[{"count":1,"href":"https:\/\/www.caririemacao.com\/1\/wp-json\/wp\/v2\/posts\/173773\/revisions"}],"predecessor-version":[{"id":173775,"href":"https:\/\/www.caririemacao.com\/1\/wp-json\/wp\/v2\/posts\/173773\/revisions\/173775"}],"wp:featuredmedia":[{"embeddable":true,"href":"https:\/\/www.caririemacao.com\/1\/wp-json\/wp\/v2\/media\/164500"}],"wp:attachment":[{"href":"https:\/\/www.caririemacao.com\/1\/wp-json\/wp\/v2\/media?parent=173773"}],"wp:term":[{"taxonomy":"category","embeddable":true,"href":"https:\/\/www.caririemacao.com\/1\/wp-json\/wp\/v2\/categories?post=173773"},{"taxonomy":"post_tag","embeddable":true,"href":"https:\/\/www.caririemacao.com\/1\/wp-json\/wp\/v2\/tags?post=173773"}],"curies":[{"name":"wp","href":"https:\/\/api.w.org\/{rel}","templated":true}]}}