{"id":173777,"date":"2020-06-11T10:07:41","date_gmt":"2020-06-11T13:07:41","guid":{"rendered":"https:\/\/www.caririemacao.com\/1\/?p=173777"},"modified":"2020-06-11T10:07:41","modified_gmt":"2020-06-11T13:07:41","slug":"covid-19-sertania-chega-a-97-casos-confirmados","status":"publish","type":"post","link":"https:\/\/www.caririemacao.com\/1\/2020\/06\/11\/covid-19-sertania-chega-a-97-casos-confirmados\/","title":{"rendered":"Covid-19: Sert\u00e2nia chega a 97 casos confirmados"},"content":{"rendered":"\n<h3 class=\"wp-block-heading\"><\/h3>\n\n\n\n<p>A Secretaria de Sa\u00fade de Sert\u00e2nia informou\u00a0\u00a0que seis novos casos foram confirmados para Covid-19, nesta quarta-feira (10), ap\u00f3s a realiza\u00e7\u00e3o de testes r\u00e1pidos.<br>Mais 11 casos foram descartados tamb\u00e9m com realiza\u00e7\u00e3o de testes r\u00e1pidos, dos quais tr\u00eas estavam em investiga\u00e7\u00e3o.<br>O boletim traz ainda a entrada de 19 casos em investiga\u00e7\u00e3o e a recupera\u00e7\u00e3o de mais 12 pacientes.<br>PORTALMIDIAEMACAO<\/p>\n","protected":false},"excerpt":{"rendered":"<p>A Secretaria de Sa\u00fade de Sert\u00e2nia informou\u00a0\u00a0que seis novos casos foram confirmados para Covid-19, nesta quarta-feira (10), ap\u00f3s a realiza\u00e7\u00e3o de testes r\u00e1pidos.Mais 11 casos&hellip; <\/p>\n","protected":false},"author":2,"featured_media":173778,"comment_status":"closed","ping_status":"closed","sticky":false,"template":"","format":"standard","meta":{"sfsi_plus_gutenberg_text_before_share":"","sfsi_plus_gutenberg_show_text_before_share":"","sfsi_plus_gutenberg_icon_type":"","sfsi_plus_gutenberg_icon_alignemt":"","sfsi_plus_gutenburg_max_per_row":"","footnotes":""},"categories":[2],"tags":[],"class_list":["post-173777","post","type-post","status-publish","format-standard","has-post-thumbnail","hentry","category-geral"],"_links":{"self":[{"href":"https:\/\/www.caririemacao.com\/1\/wp-json\/wp\/v2\/posts\/173777","targetHints":{"allow":["GET"]}}],"collection":[{"href":"https:\/\/www.caririemacao.com\/1\/wp-json\/wp\/v2\/posts"}],"about":[{"href":"https:\/\/www.caririemacao.com\/1\/wp-json\/wp\/v2\/types\/post"}],"author":[{"embeddable":true,"href":"https:\/\/www.caririemacao.com\/1\/wp-json\/wp\/v2\/users\/2"}],"replies":[{"embeddable":true,"href":"https:\/\/www.caririemacao.com\/1\/wp-json\/wp\/v2\/comments?post=173777"}],"version-history":[{"count":1,"href":"https:\/\/www.caririemacao.com\/1\/wp-json\/wp\/v2\/posts\/173777\/revisions"}],"predecessor-version":[{"id":173779,"href":"https:\/\/www.caririemacao.com\/1\/wp-json\/wp\/v2\/posts\/173777\/revisions\/173779"}],"wp:featuredmedia":[{"embeddable":true,"href":"https:\/\/www.caririemacao.com\/1\/wp-json\/wp\/v2\/media\/173778"}],"wp:attachment":[{"href":"https:\/\/www.caririemacao.com\/1\/wp-json\/wp\/v2\/media?parent=173777"}],"wp:term":[{"taxonomy":"category","embeddable":true,"href":"https:\/\/www.caririemacao.com\/1\/wp-json\/wp\/v2\/categories?post=173777"},{"taxonomy":"post_tag","embeddable":true,"href":"https:\/\/www.caririemacao.com\/1\/wp-json\/wp\/v2\/tags?post=173777"}],"curies":[{"name":"wp","href":"https:\/\/api.w.org\/{rel}","templated":true}]}}