{"id":173785,"date":"2020-06-11T11:52:13","date_gmt":"2020-06-11T14:52:13","guid":{"rendered":"https:\/\/www.caririemacao.com\/1\/?p=173785"},"modified":"2020-06-11T11:52:13","modified_gmt":"2020-06-11T14:52:13","slug":"conscientizacao-projeto-na-alpb-deve-proibir-fogueiras-no-sao-joao","status":"publish","type":"post","link":"https:\/\/www.caririemacao.com\/1\/2020\/06\/11\/conscientizacao-projeto-na-alpb-deve-proibir-fogueiras-no-sao-joao\/","title":{"rendered":"Conscientiza\u00e7\u00e3o: projeto na ALPB deve proibir fogueiras no S\u00e3o Jo\u00e3o"},"content":{"rendered":"\n<p>A Assembleia Legislativa da Para\u00edba (ALPB) vai lan\u00e7ar uma campanha de conscientiza\u00e7\u00e3o e recomenda\u00e7\u00e3o para que a popula\u00e7\u00e3o n\u00e3o acenda fogueiras durante os festejos juninos. O objetivo da a\u00e7\u00e3o \u00e9 evitar a prolifera\u00e7\u00e3o da Covid-19. O presidente da ALPB, Adriano Galdino, tamb\u00e9m apresentou o projeto de resolu\u00e7\u00e3o 1.871\/2020, que disp\u00f5e sobre a proibi\u00e7\u00e3o de acender fogueiras em espa\u00e7os urbanos enquanto perdurar a pandemia causada pelo novo coronav\u00edrus (Covid-19).<\/p>\n\n\n\n<p>A campanha ser\u00e1 realizada atrav\u00e9s das redes sociais da ALPB. Adriano Galdino considera importante a colabora\u00e7\u00e3o dos paraibanos, uma vez que a fogueira no m\u00eas de junho \u00e9 tradicional para o Nordeste, que festeja os dias dos santos Pedro, Ant\u00f4nio e Jo\u00e3o. \u201cA raz\u00e3o principal dessas a\u00e7\u00f5es \u00e9 a pandemia provocada pelo coronav\u00edrus, que afeta justamente o sistema respirat\u00f3rio-pulmonar. M\u00e9dicos entendem que a fuma\u00e7a oriunda das fogueiras pode agravar ainda mais a doen\u00e7a\u201d, explicou.<\/p>\n\n\n\n<h5 class=\"wp-block-heading\">\u201cTamb\u00e9m \u00e9 necess\u00e1rio buscar medidas e conscientizar nosso povo para que visem evitar complica\u00e7\u00f5es respirat\u00f3rias provocadas pela fuma\u00e7a em pessoas com asma ou com outros problemas de sa\u00fade. Al\u00e9m disso, temos que evitar as tradicionais aglomera\u00e7\u00f5es do per\u00edodo junino, para fins de preservar ao m\u00e1ximo os leitos de hospitais das redes p\u00fablicas e privadas\u201d, acrescentou Galdino.<\/h5>\n\n\n\n<p>A diretora do Departamento de Sa\u00fade e Assist\u00eancia Social da ALPB, a m\u00e9dica Dayse Queiroga, afirmou que a dificuldade respirat\u00f3ria provocada pela fuma\u00e7a pode funcionar como uma porta de entrada para diversas infec\u00e7\u00f5es, como o coronav\u00edrus. Outro fator \u00e9 que quem est\u00e1 se recuperando da Covid-19 n\u00e3o pode ter contato com a fuma\u00e7a, pois tende agravar a doen\u00e7a.<\/p>\n\n\n\n<p>\u201c\u00c9 importante a proibi\u00e7\u00e3o das fogueiras, pois quando voc\u00ea acende naturalmente lan\u00e7a muita fuma\u00e7a no ar, que possui agentes t\u00f3xicos e inflamat\u00f3rios, que prejudicam a sa\u00fade e pode levar a uma s\u00e9rie de consequ\u00eancias. Pessoas que sofrem com asma, rinites, alergias respirat\u00f3rias sempre pioram nesse per\u00edodo. Estamos em um momento de pandemia, em que temos um v\u00edrus que causa problemas, e que em muitos casos compromete o pulm\u00e3o. Al\u00e9m disso, n\u00e3o podemos ter uma sobrecarga no sistema de sa\u00fade, j\u00e1 que a demanda tem sido grande por causa do coronav\u00edrus\u201d, disse a m\u00e9dica.<\/p>\n\n\n\n<p>Adriano Galdino ressaltou que \u00e9 uma medida excepcional, que vai ao encontro do posicionamento do Minist\u00e9rio P\u00fablico da Para\u00edba (MPPB), que expediu, recentemente, recomenda\u00e7\u00e3o \u00e0 Prefeitura de Campina Grande para que pro\u00edba as fogueiras e fogos juninos.<\/p>\n\n\n\n<p><em><strong>Assessoria<\/strong><\/em><\/p>\n","protected":false},"excerpt":{"rendered":"<p>A Assembleia Legislativa da Para\u00edba (ALPB) vai lan\u00e7ar uma campanha de conscientiza\u00e7\u00e3o e recomenda\u00e7\u00e3o para que a popula\u00e7\u00e3o n\u00e3o acenda fogueiras durante os festejos juninos.&hellip; <\/p>\n","protected":false},"author":2,"featured_media":138276,"comment_status":"closed","ping_status":"closed","sticky":false,"template":"","format":"standard","meta":{"sfsi_plus_gutenberg_text_before_share":"","sfsi_plus_gutenberg_show_text_before_share":"","sfsi_plus_gutenberg_icon_type":"","sfsi_plus_gutenberg_icon_alignemt":"","sfsi_plus_gutenburg_max_per_row":"","footnotes":""},"categories":[6],"tags":[],"class_list":["post-173785","post","type-post","status-publish","format-standard","has-post-thumbnail","hentry","category-cidades"],"_links":{"self":[{"href":"https:\/\/www.caririemacao.com\/1\/wp-json\/wp\/v2\/posts\/173785","targetHints":{"allow":["GET"]}}],"collection":[{"href":"https:\/\/www.caririemacao.com\/1\/wp-json\/wp\/v2\/posts"}],"about":[{"href":"https:\/\/www.caririemacao.com\/1\/wp-json\/wp\/v2\/types\/post"}],"author":[{"embeddable":true,"href":"https:\/\/www.caririemacao.com\/1\/wp-json\/wp\/v2\/users\/2"}],"replies":[{"embeddable":true,"href":"https:\/\/www.caririemacao.com\/1\/wp-json\/wp\/v2\/comments?post=173785"}],"version-history":[{"count":1,"href":"https:\/\/www.caririemacao.com\/1\/wp-json\/wp\/v2\/posts\/173785\/revisions"}],"predecessor-version":[{"id":173786,"href":"https:\/\/www.caririemacao.com\/1\/wp-json\/wp\/v2\/posts\/173785\/revisions\/173786"}],"wp:featuredmedia":[{"embeddable":true,"href":"https:\/\/www.caririemacao.com\/1\/wp-json\/wp\/v2\/media\/138276"}],"wp:attachment":[{"href":"https:\/\/www.caririemacao.com\/1\/wp-json\/wp\/v2\/media?parent=173785"}],"wp:term":[{"taxonomy":"category","embeddable":true,"href":"https:\/\/www.caririemacao.com\/1\/wp-json\/wp\/v2\/categories?post=173785"},{"taxonomy":"post_tag","embeddable":true,"href":"https:\/\/www.caririemacao.com\/1\/wp-json\/wp\/v2\/tags?post=173785"}],"curies":[{"name":"wp","href":"https:\/\/api.w.org\/{rel}","templated":true}]}}