{"id":173796,"date":"2020-06-11T13:32:16","date_gmt":"2020-06-11T16:32:16","guid":{"rendered":"https:\/\/www.caririemacao.com\/1\/?p=173796"},"modified":"2020-06-11T13:32:16","modified_gmt":"2020-06-11T16:32:16","slug":"vasco-mantem-planejamento-e-lancamento-do-novo-uniforme-ocorrera-na-volta-do-futebol","status":"publish","type":"post","link":"https:\/\/www.caririemacao.com\/1\/2020\/06\/11\/vasco-mantem-planejamento-e-lancamento-do-novo-uniforme-ocorrera-na-volta-do-futebol\/","title":{"rendered":"Vasco mant\u00e9m planejamento, e lan\u00e7amento do novo uniforme ocorrer\u00e1 na volta do futebol"},"content":{"rendered":"\n<h3 class=\"wp-block-heading\"><\/h3>\n\n\n\n<hr class=\"wp-block-separator\"\/>\n\n\n\n<p>A pandemia da Covid-19 n\u00e3o mudou o planejamento do Vasco no que diz respeito ao lan\u00e7amento do novo uniforme. Mesmo sem previs\u00e3o da retomada das competi\u00e7\u00f5es, o clube pretende apresentar a cole\u00e7\u00e3o da Kappa e estre\u00e1-la no Campeonato Brasileiro.<\/p>\n\n\n\n<p>Durante a quarentena provocada pelo novo coronav\u00edrus, outras equipes fizeram lan\u00e7amentos virtuais. O clube de S\u00e3o Janu\u00e1rio avaliou a possibilidade, por\u00e9m descartou.<\/p>\n\n\n\n<p>O entendimento interno foi de que o resultado de vendas ficaria abaixo na compara\u00e7\u00e3o com o que pode ser obtido no per\u00edodo de flexibiliza\u00e7\u00e3o de medidas restritivas e consequentemente reaquecimento da economia. Como as autoridades governamentais e sanit\u00e1rias ainda n\u00e3o liberaram o retorno do futebol, a CBF n\u00e3o marcou a data de in\u00edcio do Brasileir\u00e3o.<\/p>\n\n\n\n<p>As f\u00e1bricas que atendem \u00e0 Kappa, al\u00e9m disso, n\u00e3o est\u00e3o com funcionamento normal. A produ\u00e7\u00e3o, portanto, ainda n\u00e3o foi finalizada.<\/p>\n\n\n\n<p>O Vasco anunciou acordo com a Kappa em 20 de fevereiro \u2013 o contrato ter\u00e1 dura\u00e7\u00e3o at\u00e9 abril de 2022. Pouco antes, em 9 de janeiro, havia rompido com a Diadora, atual fornecedora de material esportivo. A cole\u00e7\u00e3o da antiga parceira, usada na retomada dos treinos, por exemplo, tamb\u00e9m vestir\u00e1 a equipe nas partidas que faltam para completar o Campeonato Carioca.<\/p>\n","protected":false},"excerpt":{"rendered":"<p>A pandemia da Covid-19 n\u00e3o mudou o planejamento do Vasco no que diz respeito ao lan\u00e7amento do novo uniforme. Mesmo sem previs\u00e3o da retomada das&hellip; <\/p>\n","protected":false},"author":2,"featured_media":173797,"comment_status":"closed","ping_status":"closed","sticky":false,"template":"","format":"standard","meta":{"sfsi_plus_gutenberg_text_before_share":"","sfsi_plus_gutenberg_show_text_before_share":"","sfsi_plus_gutenberg_icon_type":"","sfsi_plus_gutenberg_icon_alignemt":"","sfsi_plus_gutenburg_max_per_row":"","footnotes":""},"categories":[2],"tags":[],"class_list":["post-173796","post","type-post","status-publish","format-standard","has-post-thumbnail","hentry","category-geral"],"_links":{"self":[{"href":"https:\/\/www.caririemacao.com\/1\/wp-json\/wp\/v2\/posts\/173796","targetHints":{"allow":["GET"]}}],"collection":[{"href":"https:\/\/www.caririemacao.com\/1\/wp-json\/wp\/v2\/posts"}],"about":[{"href":"https:\/\/www.caririemacao.com\/1\/wp-json\/wp\/v2\/types\/post"}],"author":[{"embeddable":true,"href":"https:\/\/www.caririemacao.com\/1\/wp-json\/wp\/v2\/users\/2"}],"replies":[{"embeddable":true,"href":"https:\/\/www.caririemacao.com\/1\/wp-json\/wp\/v2\/comments?post=173796"}],"version-history":[{"count":1,"href":"https:\/\/www.caririemacao.com\/1\/wp-json\/wp\/v2\/posts\/173796\/revisions"}],"predecessor-version":[{"id":173798,"href":"https:\/\/www.caririemacao.com\/1\/wp-json\/wp\/v2\/posts\/173796\/revisions\/173798"}],"wp:featuredmedia":[{"embeddable":true,"href":"https:\/\/www.caririemacao.com\/1\/wp-json\/wp\/v2\/media\/173797"}],"wp:attachment":[{"href":"https:\/\/www.caririemacao.com\/1\/wp-json\/wp\/v2\/media?parent=173796"}],"wp:term":[{"taxonomy":"category","embeddable":true,"href":"https:\/\/www.caririemacao.com\/1\/wp-json\/wp\/v2\/categories?post=173796"},{"taxonomy":"post_tag","embeddable":true,"href":"https:\/\/www.caririemacao.com\/1\/wp-json\/wp\/v2\/tags?post=173796"}],"curies":[{"name":"wp","href":"https:\/\/api.w.org\/{rel}","templated":true}]}}