{"id":173799,"date":"2020-06-11T13:36:00","date_gmt":"2020-06-11T16:36:00","guid":{"rendered":"https:\/\/www.caririemacao.com\/1\/?p=173799"},"modified":"2020-06-11T13:36:00","modified_gmt":"2020-06-11T16:36:00","slug":"doria-anuncia-que-sao-paulo-ira-produzir-vacina-contra-a-covid-19-em-parceria-com-a-china","status":"publish","type":"post","link":"https:\/\/www.caririemacao.com\/1\/2020\/06\/11\/doria-anuncia-que-sao-paulo-ira-produzir-vacina-contra-a-covid-19-em-parceria-com-a-china\/","title":{"rendered":"Doria anuncia que S\u00e3o Paulo ir\u00e1 produzir vacina contra a Covid-19 em parceria com a China"},"content":{"rendered":"\n<h3 class=\"wp-block-heading\"><\/h3>\n\n\n\n<hr class=\"wp-block-separator\"\/>\n\n\n\n<p>O governo de S\u00e3o Paulo, Jo\u00e3o Doria, anunciou nesta quinta-feira (11) que o Instituto Butantan trabalhar\u00e1 em parceria com o laborat\u00f3rio chin\u00eas Sinovac Biotech para a realiza\u00e7\u00e3o de testes e produ\u00e7\u00e3o de vacinas contra a Covid-19.<\/p>\n\n\n\n<p>\u201cEsta vacina \u00e9 uma das que est\u00e3o em est\u00e1gio mais avan\u00e7ado em todo o mundo\u201d, disse o governador.<\/p>\n\n\n\n<p>Doria fez o comunicado pelo Twitter. Mais detalhes ser\u00e3o dados em entrevista coletiva que acontece hoje, \u00e0s 12h30, no Pal\u00e1cio dos Bandeirantes.<a href=\"https:\/\/twitter.com\/jdoriajr\"><\/a><a href=\"https:\/\/twitter.com\/jdoriajr\"><strong>Jo\u00e3o Doria<\/strong><strong>&#x2714;<\/strong>@jdoriajr<\/a><a href=\"https:\/\/twitter.com\/jdoriajr\/status\/1271064512003821568\"><\/a><\/p>\n\n\n\n<p>Hoje \u00e9 um dia hist\u00f3rico para a ci\u00eancia no Brasil e em SP. Vamos anunciar que S\u00e3o Paulo vai produzir a vacina contra o coronav\u00edrus, atrav\u00e9s de parceria entre o Instituto Butantan e o laborat\u00f3rio internacional Sinovac Biotech.<\/p>\n\n\n\n<figure class=\"wp-block-image\"><img decoding=\"async\" src=\"https:\/\/pbs.twimg.com\/ext_tw_video_thumb\/1271064476721299456\/pu\/img\/k3vNlpVp7zcubRNx?format=jpg&amp;name=small\" alt=\"V\u00eddeo incorporado\"\/><\/figure>\n\n\n\n<p><a href=\"https:\/\/twitter.com\/jdoriajr\/status\/1271064512003821568\"><\/a><a href=\"https:\/\/twitter.com\/intent\/like?tweet_id=1271064512003821568\">7.455<\/a><a href=\"https:\/\/twitter.com\/jdoriajr\/status\/1271064512003821568\"><time datetime=\"2020-06-11T12:59:29+0000\">09:59 &#8211; 11 de jun. de 20<\/time><\/a><\/p>\n","protected":false},"excerpt":{"rendered":"<p>O governo de S\u00e3o Paulo, Jo\u00e3o Doria, anunciou nesta quinta-feira (11) que o Instituto Butantan trabalhar\u00e1 em parceria com o laborat\u00f3rio chin\u00eas Sinovac Biotech para&hellip; <\/p>\n","protected":false},"author":2,"featured_media":173800,"comment_status":"closed","ping_status":"closed","sticky":false,"template":"","format":"standard","meta":{"sfsi_plus_gutenberg_text_before_share":"","sfsi_plus_gutenberg_show_text_before_share":"","sfsi_plus_gutenberg_icon_type":"","sfsi_plus_gutenberg_icon_alignemt":"","sfsi_plus_gutenburg_max_per_row":"","footnotes":""},"categories":[50,2],"tags":[],"class_list":["post-173799","post","type-post","status-publish","format-standard","has-post-thumbnail","hentry","category-destaque","category-geral"],"_links":{"self":[{"href":"https:\/\/www.caririemacao.com\/1\/wp-json\/wp\/v2\/posts\/173799","targetHints":{"allow":["GET"]}}],"collection":[{"href":"https:\/\/www.caririemacao.com\/1\/wp-json\/wp\/v2\/posts"}],"about":[{"href":"https:\/\/www.caririemacao.com\/1\/wp-json\/wp\/v2\/types\/post"}],"author":[{"embeddable":true,"href":"https:\/\/www.caririemacao.com\/1\/wp-json\/wp\/v2\/users\/2"}],"replies":[{"embeddable":true,"href":"https:\/\/www.caririemacao.com\/1\/wp-json\/wp\/v2\/comments?post=173799"}],"version-history":[{"count":1,"href":"https:\/\/www.caririemacao.com\/1\/wp-json\/wp\/v2\/posts\/173799\/revisions"}],"predecessor-version":[{"id":173801,"href":"https:\/\/www.caririemacao.com\/1\/wp-json\/wp\/v2\/posts\/173799\/revisions\/173801"}],"wp:featuredmedia":[{"embeddable":true,"href":"https:\/\/www.caririemacao.com\/1\/wp-json\/wp\/v2\/media\/173800"}],"wp:attachment":[{"href":"https:\/\/www.caririemacao.com\/1\/wp-json\/wp\/v2\/media?parent=173799"}],"wp:term":[{"taxonomy":"category","embeddable":true,"href":"https:\/\/www.caririemacao.com\/1\/wp-json\/wp\/v2\/categories?post=173799"},{"taxonomy":"post_tag","embeddable":true,"href":"https:\/\/www.caririemacao.com\/1\/wp-json\/wp\/v2\/tags?post=173799"}],"curies":[{"name":"wp","href":"https:\/\/api.w.org\/{rel}","templated":true}]}}