{"id":173803,"date":"2020-06-11T13:40:33","date_gmt":"2020-06-11T16:40:33","guid":{"rendered":"https:\/\/www.caririemacao.com\/1\/?p=173803"},"modified":"2020-06-11T13:40:33","modified_gmt":"2020-06-11T16:40:33","slug":"policia-militar-realiza-operacao-por-do-sol-na-regiao-do-cariri","status":"publish","type":"post","link":"https:\/\/www.caririemacao.com\/1\/2020\/06\/11\/policia-militar-realiza-operacao-por-do-sol-na-regiao-do-cariri\/","title":{"rendered":"Pol\u00edcia Militar realiza opera\u00e7\u00e3o p\u00f4r do sol na regi\u00e3o do Cariri"},"content":{"rendered":"\n<h1 class=\"wp-block-heading\"><\/h1>\n\n\n\n<p>A Pol\u00edcia Militar intensifica as a\u00e7\u00f5es preventivas com a Opera\u00e7\u00e3o P\u00f4r do Sol em todo o cariri paraibano, visando o combate aos crimes patrimoniais e contra a vida, em cerca de 17 munic\u00edpios que integram a regi\u00e3o.<\/p>\n\n\n\n<p>As a\u00e7\u00f5es seguem orienta\u00e7\u00e3o dos setores de Intelig\u00eancia e Estat\u00edstica da corpora\u00e7\u00e3o.<\/p>\n","protected":false},"excerpt":{"rendered":"<p>A Pol\u00edcia Militar intensifica as a\u00e7\u00f5es preventivas com a Opera\u00e7\u00e3o P\u00f4r do Sol em todo o cariri paraibano, visando o combate aos crimes patrimoniais e&hellip; <\/p>\n","protected":false},"author":2,"featured_media":173804,"comment_status":"closed","ping_status":"closed","sticky":false,"template":"","format":"standard","meta":{"sfsi_plus_gutenberg_text_before_share":"","sfsi_plus_gutenberg_show_text_before_share":"","sfsi_plus_gutenberg_icon_type":"","sfsi_plus_gutenberg_icon_alignemt":"","sfsi_plus_gutenburg_max_per_row":"","footnotes":""},"categories":[12],"tags":[],"class_list":["post-173803","post","type-post","status-publish","format-standard","has-post-thumbnail","hentry","category-policia"],"_links":{"self":[{"href":"https:\/\/www.caririemacao.com\/1\/wp-json\/wp\/v2\/posts\/173803","targetHints":{"allow":["GET"]}}],"collection":[{"href":"https:\/\/www.caririemacao.com\/1\/wp-json\/wp\/v2\/posts"}],"about":[{"href":"https:\/\/www.caririemacao.com\/1\/wp-json\/wp\/v2\/types\/post"}],"author":[{"embeddable":true,"href":"https:\/\/www.caririemacao.com\/1\/wp-json\/wp\/v2\/users\/2"}],"replies":[{"embeddable":true,"href":"https:\/\/www.caririemacao.com\/1\/wp-json\/wp\/v2\/comments?post=173803"}],"version-history":[{"count":1,"href":"https:\/\/www.caririemacao.com\/1\/wp-json\/wp\/v2\/posts\/173803\/revisions"}],"predecessor-version":[{"id":173805,"href":"https:\/\/www.caririemacao.com\/1\/wp-json\/wp\/v2\/posts\/173803\/revisions\/173805"}],"wp:featuredmedia":[{"embeddable":true,"href":"https:\/\/www.caririemacao.com\/1\/wp-json\/wp\/v2\/media\/173804"}],"wp:attachment":[{"href":"https:\/\/www.caririemacao.com\/1\/wp-json\/wp\/v2\/media?parent=173803"}],"wp:term":[{"taxonomy":"category","embeddable":true,"href":"https:\/\/www.caririemacao.com\/1\/wp-json\/wp\/v2\/categories?post=173803"},{"taxonomy":"post_tag","embeddable":true,"href":"https:\/\/www.caririemacao.com\/1\/wp-json\/wp\/v2\/tags?post=173803"}],"curies":[{"name":"wp","href":"https:\/\/api.w.org\/{rel}","templated":true}]}}