{"id":173807,"date":"2020-06-11T13:45:01","date_gmt":"2020-06-11T16:45:01","guid":{"rendered":"https:\/\/www.caririemacao.com\/1\/?p=173807"},"modified":"2020-06-11T13:45:01","modified_gmt":"2020-06-11T16:45:01","slug":"ricardo-coutinho-diz-que-o-psb-tera-candidato-a-prefeitura-de-joao-pessoa-para-evitar-que-herdeiros-de-bolsonaro-vencam-na-capital","status":"publish","type":"post","link":"https:\/\/www.caririemacao.com\/1\/2020\/06\/11\/ricardo-coutinho-diz-que-o-psb-tera-candidato-a-prefeitura-de-joao-pessoa-para-evitar-que-herdeiros-de-bolsonaro-vencam-na-capital\/","title":{"rendered":"Ricardo Coutinho diz que o PSB ter\u00e1 candidato a prefeitura de Jo\u00e3o Pessoa para evitar que herdeiros de Bolsonaro ven\u00e7am na Capital"},"content":{"rendered":"\n<h1 class=\"wp-block-heading\"><\/h1>\n\n\n\n<p>Em entrevista ao portal Brasil 247 na manh\u00e3 desta quinta-feira (11), o ex-governador Ricardo Coutinho declarou que o PSB ter\u00e1 candidato a Prefeitura de Jo\u00e3o Pessoa para evitar que &#8216;herdeiros&#8217; de Bolsonaro ven\u00e7am na Capital.<\/p>\n\n\n\n<p>&#8220;Temos a obriga\u00e7\u00e3o de poder colocar uma alternativa para essa cidade que pode estar diante de um terr\u00edvel naufr\u00e1gio com as candidaturas que a\u00ed est\u00e3o. S\u00e3o candidaturas herdeiras do bolsonarismo. Se perdem pela boca. N\u00e3o entendem absolutamente nada de gest\u00e3o, de pol\u00edtica. \u00c9 a pol\u00edtica da viol\u00eancia. Essa \u00e9 a conceitua\u00e7\u00e3o das candidaturas que est\u00e3o colocadas aqui para a capital do Estado&#8221;, disse Ricardo Coutinho.<\/p>\n\n\n\n<p>O ex-governador falou que o Brasil precisa se levantar. &#8220;Ent\u00e3o o PSB deve lan\u00e7ar e vamos tentar construir uma frente que possa devolver ao povo de Jo\u00e3o Pessoa uma gest\u00e3o que, ao mesmo tempo, seja moderna e socialmente justa. Esse \u00e9 o foco num momento em que o Brasil precisa se levantar de uma situa\u00e7\u00e3o completamente an\u00f4mala.&#8221;<\/p>\n\n\n\n<p>Ricardo completou dizendo que o brasileiro precisar dar um fim no &#8216;desgoverno&#8217; Bolsonaro. &#8220;Ou o povo brasileiro d\u00e1 um fim a esse &#8216;desgoverno&#8217; Bolsonaro ou esse governo vai acabar com o povo brasileiro.&#8221;<\/p>\n\n\n\n<figure><iframe width=\"596\" height=\"409\" data-src=\"https:\/\/www.youtube.com\/embed\/OcUV5qzFUkg\" allowfullscreen=\"\" src=\"data:image\/svg+xml;base64,PHN2ZyB3aWR0aD0iMSIgaGVpZ2h0PSIxIiB4bWxucz0iaHR0cDovL3d3dy53My5vcmcvMjAwMC9zdmciPjwvc3ZnPg==\" class=\"lazyload\" data-load-mode=\"1\"><\/iframe><\/figure>\n","protected":false},"excerpt":{"rendered":"<p>Em entrevista ao portal Brasil 247 na manh\u00e3 desta quinta-feira (11), o ex-governador Ricardo Coutinho declarou que o PSB ter\u00e1 candidato a Prefeitura de Jo\u00e3o&hellip; <\/p>\n","protected":false},"author":2,"featured_media":173808,"comment_status":"closed","ping_status":"closed","sticky":false,"template":"","format":"standard","meta":{"sfsi_plus_gutenberg_text_before_share":"","sfsi_plus_gutenberg_show_text_before_share":"","sfsi_plus_gutenberg_icon_type":"","sfsi_plus_gutenberg_icon_alignemt":"","sfsi_plus_gutenburg_max_per_row":"","footnotes":""},"categories":[2],"tags":[],"class_list":["post-173807","post","type-post","status-publish","format-standard","has-post-thumbnail","hentry","category-geral"],"_links":{"self":[{"href":"https:\/\/www.caririemacao.com\/1\/wp-json\/wp\/v2\/posts\/173807","targetHints":{"allow":["GET"]}}],"collection":[{"href":"https:\/\/www.caririemacao.com\/1\/wp-json\/wp\/v2\/posts"}],"about":[{"href":"https:\/\/www.caririemacao.com\/1\/wp-json\/wp\/v2\/types\/post"}],"author":[{"embeddable":true,"href":"https:\/\/www.caririemacao.com\/1\/wp-json\/wp\/v2\/users\/2"}],"replies":[{"embeddable":true,"href":"https:\/\/www.caririemacao.com\/1\/wp-json\/wp\/v2\/comments?post=173807"}],"version-history":[{"count":1,"href":"https:\/\/www.caririemacao.com\/1\/wp-json\/wp\/v2\/posts\/173807\/revisions"}],"predecessor-version":[{"id":173809,"href":"https:\/\/www.caririemacao.com\/1\/wp-json\/wp\/v2\/posts\/173807\/revisions\/173809"}],"wp:featuredmedia":[{"embeddable":true,"href":"https:\/\/www.caririemacao.com\/1\/wp-json\/wp\/v2\/media\/173808"}],"wp:attachment":[{"href":"https:\/\/www.caririemacao.com\/1\/wp-json\/wp\/v2\/media?parent=173807"}],"wp:term":[{"taxonomy":"category","embeddable":true,"href":"https:\/\/www.caririemacao.com\/1\/wp-json\/wp\/v2\/categories?post=173807"},{"taxonomy":"post_tag","embeddable":true,"href":"https:\/\/www.caririemacao.com\/1\/wp-json\/wp\/v2\/tags?post=173807"}],"curies":[{"name":"wp","href":"https:\/\/api.w.org\/{rel}","templated":true}]}}